{"id":105196,"date":"2026-03-13T14:40:53","date_gmt":"2026-03-13T14:40:53","guid":{"rendered":"https:\/\/mppee.gob.ve\/?p=105196"},"modified":"2026-03-13T14:41:45","modified_gmt":"2026-03-13T14:41:45","slug":"corpoelec-instala-puntos-de-atencion-integral-para-usuarios-apurenos-informacion","status":"publish","type":"post","link":"https:\/\/mppee.gob.ve\/?p=105196","title":{"rendered":"CORPOELEC instala puntos de atenci\u00f3n integral para usuarios apure\u00f1os (+Informaci\u00f3n)"},"content":{"rendered":"\n<p><strong>Estado Apure.- <\/strong>Este s\u00e1bado 14 de marzo, la Corporaci\u00f3n El\u00e9ctrica Nacional (CORPOELEC) activar\u00e1 Jornadas de Atenci\u00f3n Integral dirigidas a usuarios residenciales y comerciales de los municipios San Fernando, Biruaca, Achaguas, Mu\u00f1oz, R\u00f3mulo Gallegos y P\u00e1ez del estado Apure.<\/p>\n\n\n\n<p>Los agentes comerciales ofrecer\u00e1n asistencia personalizada en materia de actualizaci\u00f3n de datos, notificaci\u00f3n de deudas, pago de facturas y tr\u00e1mites relacionados al servicio el\u00e9ctrico. El abordaje se realizar\u00e1 entre las 09:00 de la ma\u00f1ana y las 02:00 de la tarde en los siguientes puntos:<\/p>\n\n\n\n<ul class=\"wp-block-list\">\n<li>Urbanizaci\u00f3n Campo Alegre, parroquia San Fernando, municipio San Fernando.<\/li>\n\n\n\n<li>Urbanizaci\u00f3n Santa Rufina, parroquia Biruaca, municipio Biruaca.<\/li>\n\n\n\n<li>Urbanizaci\u00f3n La Paz, parroquia Achaguas, municipio Achaguas.<\/li>\n\n\n\n<li>Avenida Libertador, parroquia Mantecal, municipio Mu\u00f1oz.<\/li>\n\n\n\n<li>Avenida Lauro Carrillo, parroquia Elorza, municipio R\u00f3mulo Gallegos.<\/li>\n\n\n\n<li>Calle Vasquez, parroquia Guasdualito, municipio P\u00e1ez.<\/li>\n\n\n\n<li>Avenida San Camilo, sector 11 de Noviembre, parroquia San Camilo, municipio P\u00e1ez.<\/li>\n<\/ul>\n\n\n\n<p>Para m\u00e1s informaci\u00f3n sobre las Jornadas Integrales de Atenci\u00f3n al Usuario, puede consultar la cuenta\u00a0<a href=\"https:\/\/www.instagram.com\/corpoelecinfo\/\">@corpoelecinfo\u00a0<\/a>en Instagram;\u00a0<a href=\"https:\/\/www.facebook.com\/Corpoelecinfo\">Corpoelec Informa\u00a0<\/a>en Facebook o visitar la p\u00e1gina web\u00a0<a href=\"https:\/\/corpoelec.gob.ve\/\">corpoelec.gob.ve<\/a>.<\/p>\n\n\n\n<p><strong>Prensa MPPEE-CORPOELEC<\/strong><\/p>\n","protected":false},"excerpt":{"rendered":"<p>Estado Apure.- Este s\u00e1bado 14 de marzo, la Corporaci\u00f3n El\u00e9ctrica Nacional (CORPOELEC) activar\u00e1 Jornadas de Atenci\u00f3n Integral dirigidas a usuarios<\/p>\n","protected":false},"author":24,"featured_media":98318,"comment_status":"closed","ping_status":"closed","sticky":false,"template":"","format":"standard","meta":{"footnotes":""},"categories":[30],"tags":[2722,2758,2691],"class_list":["post-105196","post","type-post","status-publish","format-standard","has-post-thumbnail","hentry","category-regionales","tag-apure","tag-atencion","tag-corpoelec"],"_links":{"self":[{"href":"https:\/\/mppee.gob.ve\/index.php?rest_route=\/wp\/v2\/posts\/105196","targetHints":{"allow":["GET"]}}],"collection":[{"href":"https:\/\/mppee.gob.ve\/index.php?rest_route=\/wp\/v2\/posts"}],"about":[{"href":"https:\/\/mppee.gob.ve\/index.php?rest_route=\/wp\/v2\/types\/post"}],"author":[{"embeddable":true,"href":"https:\/\/mppee.gob.ve\/index.php?rest_route=\/wp\/v2\/users\/24"}],"replies":[{"embeddable":true,"href":"https:\/\/mppee.gob.ve\/index.php?rest_route=%2Fwp%2Fv2%2Fcomments&post=105196"}],"version-history":[{"count":1,"href":"https:\/\/mppee.gob.ve\/index.php?rest_route=\/wp\/v2\/posts\/105196\/revisions"}],"predecessor-version":[{"id":105199,"href":"https:\/\/mppee.gob.ve\/index.php?rest_route=\/wp\/v2\/posts\/105196\/revisions\/105199"}],"wp:featuredmedia":[{"embeddable":true,"href":"https:\/\/mppee.gob.ve\/index.php?rest_route=\/wp\/v2\/media\/98318"}],"wp:attachment":[{"href":"https:\/\/mppee.gob.ve\/index.php?rest_route=%2Fwp%2Fv2%2Fmedia&parent=105196"}],"wp:term":[{"taxonomy":"category","embeddable":true,"href":"https:\/\/mppee.gob.ve\/index.php?rest_route=%2Fwp%2Fv2%2Fcategories&post=105196"},{"taxonomy":"post_tag","embeddable":true,"href":"https:\/\/mppee.gob.ve\/index.php?rest_route=%2Fwp%2Fv2%2Ftags&post=105196"}],"curies":[{"name":"wp","href":"https:\/\/api.w.org\/{rel}","templated":true}]}}