{"id":105203,"date":"2026-03-13T16:25:08","date_gmt":"2026-03-13T16:25:08","guid":{"rendered":"https:\/\/mppee.gob.ve\/?p=105203"},"modified":"2026-03-13T17:40:40","modified_gmt":"2026-03-13T17:40:40","slug":"liceo-nacional-lorenzo-gonzalez-en-la-guaira-cuenta-con-espacios-rehabilitados","status":"publish","type":"post","link":"https:\/\/mppee.gob.ve\/?p=105203","title":{"rendered":"Liceo Nacional Lorenzo Gonz\u00e1lez en La Guaira cuenta con espacios rehabilitados"},"content":{"rendered":"\n<p><strong>Estado La Guaira.- <\/strong>En el coraz\u00f3n de la parroquia Carlos Soublette, en el estado La Guaira, la comunidad de Montesano Victorioso celebr\u00f3 este viernes una iniciativa dirigida a fortalecer la educaci\u00f3n en la entidad.<\/p>\n\n\n\n<p>El vicepresidente sectorial de Obras P\u00fablicas y Servicios, Jorge M\u00e1rquez, hizo entrega de las instalaciones rehabilitadas del Liceo Nacional Lorenzo Gonz\u00e1lez, un espacio que ahora renace para potenciar la formaci\u00f3n de cientos de estudiantes y que forma parte de los proyectos solicitados por las comunidades a trav\u00e9s del corredor Caracas-La Guaira.<\/p>\n\n\n\n<p>Estos espacios para el conocimiento y la vida, muestran una transformaci\u00f3n funcional y humana. La entrega incluy\u00f3 la recuperaci\u00f3n integral de 10 aulas de clase totalmente renovadas, un laboratorio de ciencias equipado para la realizaci\u00f3n de experimentos y una biblioteca preparada con lo necesario para el desarrollo de investigaciones, entre otras funciones.<\/p>\n\n\n\n<p>Este centro recibe a una matr\u00edcula de 358 estudiantes (183 femeninas y 176 masculinos), quienes se distribuyen en 8 secciones con horarios que comprenden jornadas de ma\u00f1ana y tarde.<\/p>\n\n\n\n<p>Durante la visita, M\u00e1rquez expres\u00f3 con entusiasmo su satisfacci\u00f3n por ver culminadas algunas de las obras propuestas y que de esta manera se hagan realidad los sue\u00f1os de las comunidades.<\/p>\n\n\n\n<p>\u00abEsto es una petici\u00f3n que hicieron desde el corredor Caracas-La Guaira y hoy estamos supervisando la obra, evaluando los avances de todos estos proyectos, un compromiso de nuestro presidente Nicol\u00e1s Maduro, un compromiso de nuestra presidenta, Delcy Rodr\u00edguez (&#8230;) Ver l\u00e1grimas, ver a los muchachos que van a poder desarrollarse en todas sus capacidades es muy satisfactorio, es muy bonito, es placentero, ver estos ni\u00f1os felices, la comunidad, la comuna, todos contentos en este liceo\u00bb, expres\u00f3 M\u00e1rquez, en compa\u00f1\u00eda de la comunidad guairense.<\/p>\n\n\n\n<p>Por su parte, los estudiantes agradecieron la rehabilitaci\u00f3n del liceo que representa un triunfo para la comunidad de Montesano.<\/p>\n\n\n\n<p>Al respecto, la estudiante Shendel Brice\u00f1o, expres\u00f3 que el municipio Vargas cuenta con un entorno digno, moderno y seguro, para formarse como la generaci\u00f3n de relevo del pa\u00eds.<\/p>\n\n\n\n<p>\u00abHoy al recorrer estos pasillos y ver nuestros ambientes m\u00e1s acogedores, ahora renovados y paredes limpias queremos darles las gracias a todas las personas que hicieron posible realizar este sue\u00f1o, porque durante mucho tiempo esto era un sue\u00f1o, solo un sue\u00f1o que m\u00e1s all\u00e1 de lo visual nos motiva a ense\u00f1ar, a aprender con mucha m\u00e1s energ\u00eda y pasi\u00f3n\u00bb.<\/p>\n\n\n\n<p>M\u00e1s temprano, el tambi\u00e9n ministro de Energ\u00eda El\u00e9ctrica inaugur\u00f3 una cancha de usos m\u00faltiples en la Comuna Agrotur\u00edstica El Gran Topo, ubicada en el Corredor Vial Pueblos Heroicos Caracas-La Guaira, al tiempo que conoci\u00f3 de primera mano los proyectos aprobados en la Consulta Popular Nacional del pasado domingo 08 de marzo.<\/p>\n\n\n\n<p>M\u00e1rquez estuvo acompa\u00f1ado por el gobernador del estado La Guaira, Jos\u00e9 Alejandro Ter\u00e1n, el ministro del Poder Popular para Obras P\u00fablicas, Juan Jos\u00e9 Ram\u00edrez, el ministro del Poder Popular para Transporte, An\u00edbal Coronado, la alcaldesa del municipio Libertador, Carmen Mel\u00e9ndez, entre otras autoridades.<\/p>\n\n\n\n<p><strong>Prensa MPPEE-CORPOELEC \/ Mar\u00eda Mercedes Noguera<\/strong><\/p>\n","protected":false},"excerpt":{"rendered":"<p>Estado La Guaira.- En el coraz\u00f3n de la parroquia Carlos Soublette, en el estado La Guaira, la comunidad de Montesano<\/p>\n","protected":false},"author":24,"featured_media":105214,"comment_status":"closed","ping_status":"closed","sticky":false,"template":"","format":"standard","meta":{"footnotes":""},"categories":[15],"tags":[3613,2743,327],"class_list":["post-105203","post","type-post","status-publish","format-standard","has-post-thumbnail","hentry","category-nacionales","tag-corredor-de-los-pueblos-caribe-caracas-la-guaira","tag-la-guaira","tag-vsops"],"_links":{"self":[{"href":"https:\/\/mppee.gob.ve\/index.php?rest_route=\/wp\/v2\/posts\/105203","targetHints":{"allow":["GET"]}}],"collection":[{"href":"https:\/\/mppee.gob.ve\/index.php?rest_route=\/wp\/v2\/posts"}],"about":[{"href":"https:\/\/mppee.gob.ve\/index.php?rest_route=\/wp\/v2\/types\/post"}],"author":[{"embeddable":true,"href":"https:\/\/mppee.gob.ve\/index.php?rest_route=\/wp\/v2\/users\/24"}],"replies":[{"embeddable":true,"href":"https:\/\/mppee.gob.ve\/index.php?rest_route=%2Fwp%2Fv2%2Fcomments&post=105203"}],"version-history":[{"count":3,"href":"https:\/\/mppee.gob.ve\/index.php?rest_route=\/wp\/v2\/posts\/105203\/revisions"}],"predecessor-version":[{"id":105224,"href":"https:\/\/mppee.gob.ve\/index.php?rest_route=\/wp\/v2\/posts\/105203\/revisions\/105224"}],"wp:featuredmedia":[{"embeddable":true,"href":"https:\/\/mppee.gob.ve\/index.php?rest_route=\/wp\/v2\/media\/105214"}],"wp:attachment":[{"href":"https:\/\/mppee.gob.ve\/index.php?rest_route=%2Fwp%2Fv2%2Fmedia&parent=105203"}],"wp:term":[{"taxonomy":"category","embeddable":true,"href":"https:\/\/mppee.gob.ve\/index.php?rest_route=%2Fwp%2Fv2%2Fcategories&post=105203"},{"taxonomy":"post_tag","embeddable":true,"href":"https:\/\/mppee.gob.ve\/index.php?rest_route=%2Fwp%2Fv2%2Ftags&post=105203"}],"curies":[{"name":"wp","href":"https:\/\/api.w.org\/{rel}","templated":true}]}}