{"id":105209,"date":"2026-03-13T16:14:06","date_gmt":"2026-03-13T16:14:06","guid":{"rendered":"https:\/\/mppee.gob.ve\/?p=105209"},"modified":"2026-03-13T16:14:47","modified_gmt":"2026-03-13T16:14:47","slug":"usuarios-de-bolivar-recibiran-atencion-integral-este-fin-de-semana","status":"publish","type":"post","link":"https:\/\/mppee.gob.ve\/?p=105209","title":{"rendered":"Usuarios de Bol\u00edvar recibir\u00e1n atenci\u00f3n integral este fin de semana"},"content":{"rendered":"\n<p><strong>Estado Bol\u00edvar.- <\/strong>La Corporaci\u00f3n El\u00e9ctrica Nacional (CORPOELEC) desplegar\u00e1 a sus agentes comerciales este s\u00e1bado 14 y domingo 15 de marzo en diversos puntos del estado Bol\u00edvar, como parte del despliegue de las Jornadas Integrales de Atenci\u00f3n al Usuario.<\/p>\n\n\n\n<p>El horario habilitado ser\u00e1 de 8:00 de la ma\u00f1ana a 1:00 de la tarde en comunidades y sedes administrativas, mientras que en centros comerciales funcionar\u00e1 de 11:00 de la ma\u00f1ana a 4:00 de la tarde.<\/p>\n\n\n\n<p>A continuaci\u00f3n, conozca donde estar\u00e1n ubicados los puntos de atenci\u00f3n:<\/p>\n\n\n\n<p><strong>Ciudad Bol\u00edvar<\/strong><\/p>\n\n\n\n<ul class=\"wp-block-list\">\n<li>S\u00e1bado 14 de marzo: sectores Altos de Cayaurima y Residencias Marhuanta.<\/li>\n\n\n\n<li>Domingo 15 de marzo: Centro Comercial Traki. El abordaje estar\u00e1 dirigido a usuarios del municipio Angostura del Orinoco.<\/li>\n<\/ul>\n\n\n\n<p><strong>Puerto Ordaz<\/strong><\/p>\n\n\n\n<ul class=\"wp-block-list\">\n<li>S\u00e1bado 14 de marzo: Centro Comercial Traki (Alta Vista) y Centro Comercial Santo Tom\u00e9 (Los Olivos).<\/li>\n<\/ul>\n\n\n\n<p>Asimismo, se brindar\u00e1 asesor\u00eda personalizada a las Peque\u00f1as y Medianas Industrias Comerciales en:<\/p>\n\n\n\n<p><strong>Caron\u00ed<\/strong><\/p>\n\n\n\n<ul class=\"wp-block-list\">\n<li>San F\u00e9lix: Avenidas Gumilla, Antonio de Berr\u00edo, Libertador, Manuel Piar, Vista al Sol, Dalla Costa y sector Bella Vista.<\/li>\n\n\n\n<li>Puerto Ordaz: Zonas industriales Unare I y II; avenidas Atl\u00e1ntico y Las Am\u00e9ricas.<\/li>\n<\/ul>\n\n\n\n<p><strong>Angostura del Orinoco<\/strong><\/p>\n\n\n\n<ul class=\"wp-block-list\">\n<li>\u200eCiudad Bol\u00edvar: Avenidas Rep\u00fablica y Nueva Granada.<\/li>\n<\/ul>\n\n\n\n<p><strong>Cede\u00f1o<\/strong><\/p>\n\n\n\n<ul class=\"wp-block-list\">\n<li>Caicara del Orinoco: Sector Centro Urbano y avenida Carabobo.<\/li>\n<\/ul>\n\n\n\n<p><strong>Piar<\/strong><\/p>\n\n\n\n<p>Upata: sector Centro Urbano y avenida Carabobo.<\/p>\n\n\n\n<p>Igualmente, los Centros Integrales de Atenci\u00f3n al Usuario (CIAU) estar\u00e1n operativos para garantizar una respuesta oportuna en materia de tr\u00e1mites y requerimientos asociados al servicio el\u00e9ctrico.<\/p>\n\n\n\n<p>Para m\u00e1s informaci\u00f3n sobre las Jornadas Integrales de Atenci\u00f3n al Usuario, puede consultar la cuenta\u00a0<a href=\"https:\/\/www.instagram.com\/corpoelecinfo\/\">@corpoelecinfo\u00a0<\/a>en Instagram;\u00a0<a href=\"https:\/\/www.facebook.com\/Corpoelecinfo\">Corpoelec Informa\u00a0<\/a>en Facebook o visitar la p\u00e1gina web\u00a0<a href=\"https:\/\/corpoelec.gob.ve\/\">corpoelec.gob.<\/a><\/p>\n\n\n\n<ul class=\"wp-block-list\">\n<li><a href=\"https:\/\/mppee.gob.ve\/?p=91780\" data-type=\"link\" data-id=\"https:\/\/mppee.gob.ve\/?p=91780\">CORPOELEC optimiza atenci\u00f3n al usuario a trav\u00e9s de los CIAU en Bol\u00edvar<\/a><\/li>\n<\/ul>\n\n\n\n<p><strong>Prensa MPPEE \u2013 CORPOELEC<\/strong><\/p>\n","protected":false},"excerpt":{"rendered":"<p>Estado Bol\u00edvar.- La Corporaci\u00f3n El\u00e9ctrica Nacional (CORPOELEC) desplegar\u00e1 a sus agentes comerciales este s\u00e1bado 14 y domingo 15 de marzo<\/p>\n","protected":false},"author":24,"featured_media":98781,"comment_status":"closed","ping_status":"closed","sticky":false,"template":"","format":"standard","meta":{"footnotes":""},"categories":[30],"tags":[2723,2691],"class_list":["post-105209","post","type-post","status-publish","format-standard","has-post-thumbnail","hentry","category-regionales","tag-bolivar","tag-corpoelec"],"_links":{"self":[{"href":"https:\/\/mppee.gob.ve\/index.php?rest_route=\/wp\/v2\/posts\/105209","targetHints":{"allow":["GET"]}}],"collection":[{"href":"https:\/\/mppee.gob.ve\/index.php?rest_route=\/wp\/v2\/posts"}],"about":[{"href":"https:\/\/mppee.gob.ve\/index.php?rest_route=\/wp\/v2\/types\/post"}],"author":[{"embeddable":true,"href":"https:\/\/mppee.gob.ve\/index.php?rest_route=\/wp\/v2\/users\/24"}],"replies":[{"embeddable":true,"href":"https:\/\/mppee.gob.ve\/index.php?rest_route=%2Fwp%2Fv2%2Fcomments&post=105209"}],"version-history":[{"count":1,"href":"https:\/\/mppee.gob.ve\/index.php?rest_route=\/wp\/v2\/posts\/105209\/revisions"}],"predecessor-version":[{"id":105211,"href":"https:\/\/mppee.gob.ve\/index.php?rest_route=\/wp\/v2\/posts\/105209\/revisions\/105211"}],"wp:featuredmedia":[{"embeddable":true,"href":"https:\/\/mppee.gob.ve\/index.php?rest_route=\/wp\/v2\/media\/98781"}],"wp:attachment":[{"href":"https:\/\/mppee.gob.ve\/index.php?rest_route=%2Fwp%2Fv2%2Fmedia&parent=105209"}],"wp:term":[{"taxonomy":"category","embeddable":true,"href":"https:\/\/mppee.gob.ve\/index.php?rest_route=%2Fwp%2Fv2%2Fcategories&post=105209"},{"taxonomy":"post_tag","embeddable":true,"href":"https:\/\/mppee.gob.ve\/index.php?rest_route=%2Fwp%2Fv2%2Ftags&post=105209"}],"curies":[{"name":"wp","href":"https:\/\/api.w.org\/{rel}","templated":true}]}}