{"id":105221,"date":"2026-03-13T17:15:50","date_gmt":"2026-03-13T17:15:50","guid":{"rendered":"https:\/\/mppee.gob.ve\/?p=105221"},"modified":"2026-03-13T17:16:59","modified_gmt":"2026-03-13T17:16:59","slug":"brindaran-atencion-integral-a-usuarios-comerciales-de-anzoategui","status":"publish","type":"post","link":"https:\/\/mppee.gob.ve\/?p=105221","title":{"rendered":"Brindar\u00e1n atenci\u00f3n integral a usuarios comerciales de Anzo\u00e1tegui"},"content":{"rendered":"\n<p><strong>Estado Anzo\u00e1tegui.-<\/strong> Este s\u00e1bado 14 de marzo, la Corporaci\u00f3n El\u00e9ctrica Nacional (CORPOELEC) instalar\u00e1 puntos de atenci\u00f3n para brindar a los usuarios comerciales asesor\u00eda sobre la facturaci\u00f3n y cancelaci\u00f3n del servicio de energ\u00eda el\u00e9ctrica, entre otros servicios.\u00a0\u00a0<\/p>\n\n\n\n<p>Los puntos m\u00f3viles de pago estar\u00e1n disponibles desde las 8:00 de la ma\u00f1ana hasta las 02:00 de la tarde, en los siguientes municipios y sectores.<\/p>\n\n\n\n<p>Municipios:<\/p>\n\n\n\n<p>&#8211; Sim\u00f3n Bol\u00edvar: Sectores Barrio Sucre y en la Calle Juncal del Casco Central de Barcelona.<\/p>\n\n\n\n<p>&#8211; Diego Bautista Urbaneja: Carrera 5 de Lecher\u00eda.<\/p>\n\n\n\n<p>&#8211; Juan Antonio Sotillo: Calle Carabobo del Casco Central de Puerto La Cruz.<\/p>\n\n\n\n<p>&#8211; Sim\u00f3n Rodr\u00edguez: Avenida Francisco de Miranda de El Tigre.<\/p>\n\n\n\n<p>&#8211; San Jos\u00e9 de Guanipa: Calles Venezuela y Zea del Casco Central de Guanipa.<\/p>\n\n\n\n<p>&#8211; Anaco: Avenidas Jos\u00e9 Antonio Anzo\u00e1tegui y Francisco Miranda, calles El Liceo, Col\u00f3n y Caballero Sarmiento de Anaco.<\/p>\n\n\n\n<p>&#8211; Pedro Mar\u00eda Freites: Avenida Bol\u00edvar de Cantaura.<\/p>\n\n\n\n<p>&#8211; Aragua: Calles Bol\u00edvar, Los Llanos y Anzo\u00e1tegui de Aragua de Barcelona.&nbsp;<\/p>\n\n\n\n<p>&#8211; P\u00edritu: Avenida Principal del Tejar.&nbsp;&nbsp;<\/p>\n\n\n\n<p>&#8211; Manuel Ezequiel Bruzual: Avenida Fern\u00e1ndez Padilla de Clarines.<\/p>\n\n\n\n<p>&#8211; Francisco de Mirada: Calle Piar del sector Inavi en Pariagu\u00e1n.<\/p>\n\n\n\n<p>Para conocer m\u00e1s detalles de las Jornadas Integrales de Atenci\u00f3n al Usuario puede visitar las redes @corpoelecinfo en Instagram o la p\u00e1gina Corpoelec informa en Facebook.<\/p>\n\n\n\n<p><strong>Prensa MPPEE-CORPOELEC<\/strong><\/p>\n","protected":false},"excerpt":{"rendered":"<p>Estado Anzo\u00e1tegui.- Este s\u00e1bado 14 de marzo, la Corporaci\u00f3n El\u00e9ctrica Nacional (CORPOELEC) instalar\u00e1 puntos de atenci\u00f3n para brindar a los<\/p>\n","protected":false},"author":24,"featured_media":104345,"comment_status":"closed","ping_status":"closed","sticky":false,"template":"","format":"standard","meta":{"footnotes":""},"categories":[30],"tags":[2706,2691,2803,11],"class_list":["post-105221","post","type-post","status-publish","format-standard","has-post-thumbnail","hentry","category-regionales","tag-anzoategui","tag-corpoelec","tag-jornada-de-atencion-al-usuario","tag-mppee"],"_links":{"self":[{"href":"https:\/\/mppee.gob.ve\/index.php?rest_route=\/wp\/v2\/posts\/105221","targetHints":{"allow":["GET"]}}],"collection":[{"href":"https:\/\/mppee.gob.ve\/index.php?rest_route=\/wp\/v2\/posts"}],"about":[{"href":"https:\/\/mppee.gob.ve\/index.php?rest_route=\/wp\/v2\/types\/post"}],"author":[{"embeddable":true,"href":"https:\/\/mppee.gob.ve\/index.php?rest_route=\/wp\/v2\/users\/24"}],"replies":[{"embeddable":true,"href":"https:\/\/mppee.gob.ve\/index.php?rest_route=%2Fwp%2Fv2%2Fcomments&post=105221"}],"version-history":[{"count":1,"href":"https:\/\/mppee.gob.ve\/index.php?rest_route=\/wp\/v2\/posts\/105221\/revisions"}],"predecessor-version":[{"id":105222,"href":"https:\/\/mppee.gob.ve\/index.php?rest_route=\/wp\/v2\/posts\/105221\/revisions\/105222"}],"wp:featuredmedia":[{"embeddable":true,"href":"https:\/\/mppee.gob.ve\/index.php?rest_route=\/wp\/v2\/media\/104345"}],"wp:attachment":[{"href":"https:\/\/mppee.gob.ve\/index.php?rest_route=%2Fwp%2Fv2%2Fmedia&parent=105221"}],"wp:term":[{"taxonomy":"category","embeddable":true,"href":"https:\/\/mppee.gob.ve\/index.php?rest_route=%2Fwp%2Fv2%2Fcategories&post=105221"},{"taxonomy":"post_tag","embeddable":true,"href":"https:\/\/mppee.gob.ve\/index.php?rest_route=%2Fwp%2Fv2%2Ftags&post=105221"}],"curies":[{"name":"wp","href":"https:\/\/api.w.org\/{rel}","templated":true}]}}