{"id":105266,"date":"2026-03-15T19:06:47","date_gmt":"2026-03-15T19:06:47","guid":{"rendered":"https:\/\/mppee.gob.ve\/?p=105266"},"modified":"2026-03-15T19:07:16","modified_gmt":"2026-03-15T19:07:16","slug":"activan-subestacion-movil-para-fortalecer-suministro-de-energia-en-portuguesa","status":"publish","type":"post","link":"https:\/\/mppee.gob.ve\/?p=105266","title":{"rendered":"Activan subestaci\u00f3n m\u00f3vil para fortalecer suministro de energ\u00eda en Portuguesa"},"content":{"rendered":"\n<p><strong>San Rafael de Onoto, estado Portuguesa.- <\/strong>Gracias a la acci\u00f3n inmediata y el compromiso asumido por los trabajadores y trabajadoras de la Corporaci\u00f3n El\u00e9ctrica Nacional (CORPOELEC), este domingo 15 de marzo, fue activada una subestaci\u00f3n m\u00f3vil en en el estado Portuguesa, con el prop\u00f3sito de fortalecer el suministro de energ\u00eda en la entidad llanera.<\/p>\n\n\n\n<p>As\u00ed lo dio a conocer, el ministro del Poder Popular para la Energ\u00eda El\u00e9ctrica, Jorge M\u00e1rquez, quien en compa\u00f1\u00eda de la alcaldesa del municipio San Rafael de Onoto, Yasmina Harris, supervis\u00f3 la puesta en marcha de este equipo de potencia que fue rehabilitado por mano de obra 100% venezolana.<\/p>\n\n\n\n<p>Con la activaci\u00f3n de esta unidad m\u00f3vil se fortalece el suministro de energ\u00eda el\u00e9ctrica a las zonas de San Rafael de Onoto, Las Majaguas y Payara en el municipio P\u00e1ez, al tiempo que se ejecutan maniobras t\u00e9cnicas para optimizar la Subestaci\u00f3n del CORPOELEC ubicada en la localidad portuguese\u00f1a.<\/p>\n\n\n\n<p><strong>Prensa MPPEE-CORPOELEC<\/strong><\/p>\n","protected":false},"excerpt":{"rendered":"<p>San Rafael de Onoto, estado Portuguesa.- Gracias a la acci\u00f3n inmediata y el compromiso asumido por los trabajadores y trabajadoras<\/p>\n","protected":false},"author":24,"featured_media":105267,"comment_status":"closed","ping_status":"closed","sticky":false,"template":"","format":"standard","meta":{"footnotes":""},"categories":[15],"tags":[2691,11],"class_list":["post-105266","post","type-post","status-publish","format-standard","has-post-thumbnail","hentry","category-nacionales","tag-corpoelec","tag-mppee"],"_links":{"self":[{"href":"https:\/\/mppee.gob.ve\/index.php?rest_route=\/wp\/v2\/posts\/105266","targetHints":{"allow":["GET"]}}],"collection":[{"href":"https:\/\/mppee.gob.ve\/index.php?rest_route=\/wp\/v2\/posts"}],"about":[{"href":"https:\/\/mppee.gob.ve\/index.php?rest_route=\/wp\/v2\/types\/post"}],"author":[{"embeddable":true,"href":"https:\/\/mppee.gob.ve\/index.php?rest_route=\/wp\/v2\/users\/24"}],"replies":[{"embeddable":true,"href":"https:\/\/mppee.gob.ve\/index.php?rest_route=%2Fwp%2Fv2%2Fcomments&post=105266"}],"version-history":[{"count":1,"href":"https:\/\/mppee.gob.ve\/index.php?rest_route=\/wp\/v2\/posts\/105266\/revisions"}],"predecessor-version":[{"id":105268,"href":"https:\/\/mppee.gob.ve\/index.php?rest_route=\/wp\/v2\/posts\/105266\/revisions\/105268"}],"wp:featuredmedia":[{"embeddable":true,"href":"https:\/\/mppee.gob.ve\/index.php?rest_route=\/wp\/v2\/media\/105267"}],"wp:attachment":[{"href":"https:\/\/mppee.gob.ve\/index.php?rest_route=%2Fwp%2Fv2%2Fmedia&parent=105266"}],"wp:term":[{"taxonomy":"category","embeddable":true,"href":"https:\/\/mppee.gob.ve\/index.php?rest_route=%2Fwp%2Fv2%2Fcategories&post=105266"},{"taxonomy":"post_tag","embeddable":true,"href":"https:\/\/mppee.gob.ve\/index.php?rest_route=%2Fwp%2Fv2%2Ftags&post=105266"}],"curies":[{"name":"wp","href":"https:\/\/api.w.org\/{rel}","templated":true}]}}