{"id":105305,"date":"2026-03-16T18:22:04","date_gmt":"2026-03-16T18:22:04","guid":{"rendered":"https:\/\/mppee.gob.ve\/?p=105305"},"modified":"2026-03-16T18:22:43","modified_gmt":"2026-03-16T18:22:43","slug":"ejecutan-proyecto-de-alumbrado-publico-aprobado-en-la-consulta-popular-nacional","status":"publish","type":"post","link":"https:\/\/mppee.gob.ve\/?p=105305","title":{"rendered":"Ejecutan proyecto de alumbrado p\u00fablico aprobado en la Consulta Popular Nacional"},"content":{"rendered":"\n<p><strong>Estado M\u00e9rida.-<\/strong> La Corporaci\u00f3n El\u00e9ctrica Nacional (CORPOELEC) realiz\u00f3 la recuperaci\u00f3n integral del alumbrado p\u00fablico en la aldea Jaji, ubicada en el municipio Campo El\u00edas del estado M\u00e9rida, beneficiando a m\u00e1s de 486 familias y 2.808 habitantes.<\/p>\n\n\n\n<p>Las cuadrillas de la estatal el\u00e9ctrica desplegaron un operativo especial para instalar 53 nuevas luminarias en diversos sectores de la localidad, proyecto aprobado en la Consulta Popular Nacional.<\/p>\n\n\n\n<p>Asimismo, se instalaron cortacorrientes y pararrayos en el banco de transformadores que suministra energ\u00eda al ambulatorio del pueblo, garantizando la protecci\u00f3n de este centro de salud vital para la zona.<\/p>\n\n\n\n<p>De igual manera, se ejecutaron labores de control de vegetaci\u00f3n en las cercan\u00edas de las redes el\u00e9ctricas, para evitar interrupciones del servicio.<\/p>\n\n\n\n<p>Estas labores, benefician a los habitantes de los Consejos Comunales Vista al Sur, Silencio Bajo, Silencio Medio, Silencio Alto y Cristo Jaji El Ramo, cumpliendo con el compromiso de CORPOELEC de garantizar un servicio el\u00e9ctrico \u00f3ptimo y seguro para estas comunidades.<\/p>\n\n\n\n<p>El Gobierno Bolivariano consolida la atenci\u00f3n directa a las solicitudes planteadas por el Poder Popular, fortaleciendo el sistema el\u00e9ctrico en la regi\u00f3n andina y contribuyendo a mejorar la seguridad y la calidad de vida de los habitantes de esta poblaci\u00f3n tur\u00edstica.<\/p>\n\n\n\n<p><strong>Prensa MPPEE-CORPOELEC<\/strong><\/p>\n\n\n\n<p><\/p>\n","protected":false},"excerpt":{"rendered":"<p>Estado M\u00e9rida.- La Corporaci\u00f3n El\u00e9ctrica Nacional (CORPOELEC) realiz\u00f3 la recuperaci\u00f3n integral del alumbrado p\u00fablico en la aldea Jaji, ubicada en<\/p>\n","protected":false},"author":24,"featured_media":105306,"comment_status":"closed","ping_status":"closed","sticky":false,"template":"","format":"standard","meta":{"footnotes":""},"categories":[30],"tags":[2826,2691,2742,11],"class_list":["post-105305","post","type-post","status-publish","format-standard","has-post-thumbnail","hentry","category-regionales","tag-consulta-popular-nacional","tag-corpoelec","tag-merida","tag-mppee"],"_links":{"self":[{"href":"https:\/\/mppee.gob.ve\/index.php?rest_route=\/wp\/v2\/posts\/105305","targetHints":{"allow":["GET"]}}],"collection":[{"href":"https:\/\/mppee.gob.ve\/index.php?rest_route=\/wp\/v2\/posts"}],"about":[{"href":"https:\/\/mppee.gob.ve\/index.php?rest_route=\/wp\/v2\/types\/post"}],"author":[{"embeddable":true,"href":"https:\/\/mppee.gob.ve\/index.php?rest_route=\/wp\/v2\/users\/24"}],"replies":[{"embeddable":true,"href":"https:\/\/mppee.gob.ve\/index.php?rest_route=%2Fwp%2Fv2%2Fcomments&post=105305"}],"version-history":[{"count":1,"href":"https:\/\/mppee.gob.ve\/index.php?rest_route=\/wp\/v2\/posts\/105305\/revisions"}],"predecessor-version":[{"id":105307,"href":"https:\/\/mppee.gob.ve\/index.php?rest_route=\/wp\/v2\/posts\/105305\/revisions\/105307"}],"wp:featuredmedia":[{"embeddable":true,"href":"https:\/\/mppee.gob.ve\/index.php?rest_route=\/wp\/v2\/media\/105306"}],"wp:attachment":[{"href":"https:\/\/mppee.gob.ve\/index.php?rest_route=%2Fwp%2Fv2%2Fmedia&parent=105305"}],"wp:term":[{"taxonomy":"category","embeddable":true,"href":"https:\/\/mppee.gob.ve\/index.php?rest_route=%2Fwp%2Fv2%2Fcategories&post=105305"},{"taxonomy":"post_tag","embeddable":true,"href":"https:\/\/mppee.gob.ve\/index.php?rest_route=%2Fwp%2Fv2%2Ftags&post=105305"}],"curies":[{"name":"wp","href":"https:\/\/api.w.org\/{rel}","templated":true}]}}