{"id":105311,"date":"2026-03-16T19:27:38","date_gmt":"2026-03-16T19:27:38","guid":{"rendered":"https:\/\/mppee.gob.ve\/?p=105311"},"modified":"2026-03-16T19:28:21","modified_gmt":"2026-03-16T19:28:21","slug":"corpoelec-activa-jornadas-de-atencion-para-usuarios-falconianos","status":"publish","type":"post","link":"https:\/\/mppee.gob.ve\/?p=105311","title":{"rendered":"CORPOELEC activa jornadas de atenci\u00f3n para usuarios falconianos"},"content":{"rendered":"\n<p><strong>Estado Falc\u00f3n.- <\/strong>Desde este martes 17 hasta el viernes 20 de marzo, trabajadores de la Corporaci\u00f3n El\u00e9ctrica Nacional (CORPOELEC ), se desplegar\u00e1n a trav\u00e9s de Jornadas Integrales de Atenci\u00f3n a Usuarios en los municipios Miranda, Carirubana y Los Taques del estado Falc\u00f3n, con el objetivo de brindar asesor\u00eda personalizada en tr\u00e1mites sobre el servicio el\u00e9ctrico.<\/p>\n\n\n\n<p>Las comunidades atendidas ser\u00e1n Villa Sabana, 480 a\u00f1os de Coro, Juan Cris\u00f3stomo Falc\u00f3n, Las Eugenias, Mar\u00eda Auxiliadora, Antiguo Aeropuerto, Balcones de Paraguan\u00e1, Las Piedras y Caja de Agua, correspondiente a las parroquias San Antonio, San Gabriel, Carirubana y Los Taques de la entidad occidental.<\/p>\n\n\n\n<p>A trav\u00e9s de estos jornadas, los usuarios podr\u00e1n efectuar el pago puntual del servicio de electricidad, actualizaciones de datos, nuevo contratos y conocer los diferentes m\u00e9todos de pagos, adem\u00e1s de los bancos afiliados al sistema en l\u00ednea, en un horario comprendido desde las 8:00 de la ma\u00f1ana hasta 3:00 de la tarde.<\/p>\n\n\n\n<p>De igual manera, estar\u00e1n habilitados los Centros Integrales de Atenci\u00f3n al Usuario (CIAU) en la sedes administrativas de la entidad falconiana, donde el usuario podr\u00e1 acceder a sus estados de cuenta para aclarar cualquier duda.<\/p>\n\n\n\n<p>Para m\u00e1s informaci\u00f3n sobre las Jornadas Integrales de Atenci\u00f3n al Usuario, puede consultar la cuenta&nbsp;@corpoelecinfo&nbsp;en Instagram;&nbsp;CORPOELEC Informa&nbsp;en Facebook o visitar la p\u00e1gina web&nbsp;corpoelec.gob.ve.<\/p>\n\n\n\n<p><strong>Prensa MPPEE-CORPOELEC<\/strong><\/p>\n","protected":false},"excerpt":{"rendered":"<p>Estado Falc\u00f3n.- Desde este martes 17 hasta el viernes 20 de marzo, trabajadores de la Corporaci\u00f3n El\u00e9ctrica Nacional (CORPOELEC ),<\/p>\n","protected":false},"author":24,"featured_media":104331,"comment_status":"closed","ping_status":"closed","sticky":false,"template":"","format":"standard","meta":{"footnotes":""},"categories":[30],"tags":[2691,2695,3587,11],"class_list":["post-105311","post","type-post","status-publish","format-standard","has-post-thumbnail","hentry","category-regionales","tag-corpoelec","tag-falcon","tag-jornadas-integrales-de-atencion-al-usuario","tag-mppee"],"_links":{"self":[{"href":"https:\/\/mppee.gob.ve\/index.php?rest_route=\/wp\/v2\/posts\/105311","targetHints":{"allow":["GET"]}}],"collection":[{"href":"https:\/\/mppee.gob.ve\/index.php?rest_route=\/wp\/v2\/posts"}],"about":[{"href":"https:\/\/mppee.gob.ve\/index.php?rest_route=\/wp\/v2\/types\/post"}],"author":[{"embeddable":true,"href":"https:\/\/mppee.gob.ve\/index.php?rest_route=\/wp\/v2\/users\/24"}],"replies":[{"embeddable":true,"href":"https:\/\/mppee.gob.ve\/index.php?rest_route=%2Fwp%2Fv2%2Fcomments&post=105311"}],"version-history":[{"count":1,"href":"https:\/\/mppee.gob.ve\/index.php?rest_route=\/wp\/v2\/posts\/105311\/revisions"}],"predecessor-version":[{"id":105313,"href":"https:\/\/mppee.gob.ve\/index.php?rest_route=\/wp\/v2\/posts\/105311\/revisions\/105313"}],"wp:featuredmedia":[{"embeddable":true,"href":"https:\/\/mppee.gob.ve\/index.php?rest_route=\/wp\/v2\/media\/104331"}],"wp:attachment":[{"href":"https:\/\/mppee.gob.ve\/index.php?rest_route=%2Fwp%2Fv2%2Fmedia&parent=105311"}],"wp:term":[{"taxonomy":"category","embeddable":true,"href":"https:\/\/mppee.gob.ve\/index.php?rest_route=%2Fwp%2Fv2%2Fcategories&post=105311"},{"taxonomy":"post_tag","embeddable":true,"href":"https:\/\/mppee.gob.ve\/index.php?rest_route=%2Fwp%2Fv2%2Ftags&post=105311"}],"curies":[{"name":"wp","href":"https:\/\/api.w.org\/{rel}","templated":true}]}}