{"id":106133,"date":"2026-04-24T15:51:15","date_gmt":"2026-04-24T15:51:15","guid":{"rendered":"https:\/\/mppee.gob.ve\/?p=106133"},"modified":"2026-04-24T15:53:27","modified_gmt":"2026-04-24T15:53:27","slug":"instalan-transformador-en-montana-fria-para-fortalecer-el-servicio-electrico-en-atures","status":"publish","type":"post","link":"https:\/\/mppee.gob.ve\/?p=106133","title":{"rendered":"Instalan transformador en Monta\u00f1a Fr\u00eda para fortalecer el servicio el\u00e9ctrico en Atures"},"content":{"rendered":"\n<p><strong>Estado Amazonas.- <\/strong>La clase trabajadora de la Corporaci\u00f3n El\u00e9ctrica Nacional (CORPOELEC) instal\u00f3 un transformador de 15 kVA en la comunidad Buena Vista de Monta\u00f1a Fr\u00eda, ubicada en el eje carretero sur del municipio Atures.<\/p>\n\n\n\n<p>Esta maniobra t\u00e9cnica responde a los reportes canalizados a trav\u00e9s de la plataforma VenApp del 1&#215;10 del Buen Gobierno, demostrando la efectividad de esta herramienta tecnol\u00f3gica para la resoluci\u00f3n de nudos cr\u00edticos en los servicios p\u00fablicos.<\/p>\n\n\n\n<p>Con la puesta en marcha del nuevo equipo, se garantiza la estabilidad del fluido el\u00e9ctrico para 18 familias, impactando positivamente en la calidad de vida de 72 habitantes de este sector de la parroquia Platanillal.<\/p>\n\n\n\n<p>De esta manera, el Gobierno Nacional y la estatal el\u00e9ctrica contin\u00faan desplegados en el territorio amazonense, transformando reportes en soluciones concretas y avanzando en la optimizaci\u00f3n del servicio el\u00e9ctrico para el pueblo.<\/p>\n\n\n\n<p><strong>Prensa MPPEE-CORPOELEC<\/strong><\/p>\n","protected":false},"excerpt":{"rendered":"<p>Estado Amazonas.- La clase trabajadora de la Corporaci\u00f3n El\u00e9ctrica Nacional (CORPOELEC) instal\u00f3 un transformador de 15 kVA en la comunidad<\/p>\n","protected":false},"author":24,"featured_media":106135,"comment_status":"closed","ping_status":"closed","sticky":false,"template":"","format":"standard","meta":{"footnotes":""},"categories":[30],"tags":[2740,2911,2691,3642],"class_list":["post-106133","post","type-post","status-publish","format-standard","has-post-thumbnail","hentry","category-regionales","tag-amazonas","tag-atures","tag-corpoelec","tag-montana-fria"],"_links":{"self":[{"href":"https:\/\/mppee.gob.ve\/index.php?rest_route=\/wp\/v2\/posts\/106133","targetHints":{"allow":["GET"]}}],"collection":[{"href":"https:\/\/mppee.gob.ve\/index.php?rest_route=\/wp\/v2\/posts"}],"about":[{"href":"https:\/\/mppee.gob.ve\/index.php?rest_route=\/wp\/v2\/types\/post"}],"author":[{"embeddable":true,"href":"https:\/\/mppee.gob.ve\/index.php?rest_route=\/wp\/v2\/users\/24"}],"replies":[{"embeddable":true,"href":"https:\/\/mppee.gob.ve\/index.php?rest_route=%2Fwp%2Fv2%2Fcomments&post=106133"}],"version-history":[{"count":1,"href":"https:\/\/mppee.gob.ve\/index.php?rest_route=\/wp\/v2\/posts\/106133\/revisions"}],"predecessor-version":[{"id":106136,"href":"https:\/\/mppee.gob.ve\/index.php?rest_route=\/wp\/v2\/posts\/106133\/revisions\/106136"}],"wp:featuredmedia":[{"embeddable":true,"href":"https:\/\/mppee.gob.ve\/index.php?rest_route=\/wp\/v2\/media\/106135"}],"wp:attachment":[{"href":"https:\/\/mppee.gob.ve\/index.php?rest_route=%2Fwp%2Fv2%2Fmedia&parent=106133"}],"wp:term":[{"taxonomy":"category","embeddable":true,"href":"https:\/\/mppee.gob.ve\/index.php?rest_route=%2Fwp%2Fv2%2Fcategories&post=106133"},{"taxonomy":"post_tag","embeddable":true,"href":"https:\/\/mppee.gob.ve\/index.php?rest_route=%2Fwp%2Fv2%2Ftags&post=106133"}],"curies":[{"name":"wp","href":"https:\/\/api.w.org\/{rel}","templated":true}]}}