{"id":106181,"date":"2026-04-27T12:02:04","date_gmt":"2026-04-27T12:02:04","guid":{"rendered":"https:\/\/mppee.gob.ve\/?p=106181"},"modified":"2026-04-27T12:02:44","modified_gmt":"2026-04-27T12:02:44","slug":"atienden-a-usuarios-anzoatiguenses-en-jornadas-integrales","status":"publish","type":"post","link":"https:\/\/mppee.gob.ve\/?p=106181","title":{"rendered":"Atienden a usuarios anzoatiguenses en jornadas integrales"},"content":{"rendered":"\n<p><strong>Estado Anzo\u00e1tegui.- <\/strong>Este lunes 27 y martes 28 de abril, a Corporaci\u00f3n El\u00e9ctrica Nacional (CORPOELEC) activa jornadas integrales para atender a usuarios de Anzo\u00e1tegui en tr\u00e1mites relacionados con el servicio de electricidad.<\/p>\n\n\n\n<p>Durante la jornada, los anzoatiguenses podr\u00e1n actualizar datos, pagar facturas y recibir notificaciones de deudas, adem\u00e1s de recibir asesor\u00edas en procesos administrativos.<\/p>\n\n\n\n<p>El despliegue se realizar\u00e1 desde las 8:00 de la ma\u00f1ana hasta las 02:00 de la tarde.<\/p>\n\n\n\n<p>Consulteaqu\u00ed los municipios y sectores donde estar\u00e1n ubicados los stands les estatal el\u00e9ctrica.<\/p>\n\n\n\n<p><strong>Lunes 27 de abril:<\/strong><br>Municipios:<br>&#8211; Sim\u00f3n Bol\u00edvar: Avenidas Jos\u00e9 Antonio Anzo\u00e1tegui y en la urbanizaci\u00f3n Boyac\u00e1 III en Barcelona.<br><br>&#8211; Diego Bautista Urbaneja: Avenida Nueva Esparta de Lecher\u00eda.<\/p>\n\n\n\n<p>-Juan Antonio Sotillo: Calle Carabobo de Puerto La Cruz.<\/p>\n\n\n\n<p>&#8211; Sim\u00f3n Rodr\u00edguez: Avenida Espa\u00f1a de El Tigre.<br><br>&#8211; San Jos\u00e9 de Guanipa: Avenida Mari\u00f1o y Rep\u00fablica.<\/p>\n\n\n\n<p>&#8211; Anaco: Avenida Portuguesa y en las calles Aragua y Cajigal de Anaco<br><br>&#8211; Pedro Mar\u00eda Freites: Avenida Bol\u00edvar de Cantaura.<\/p>\n\n\n\n<p>&#8211; Aragua: Calle Miranda de Aragua de Barcelona.<\/p>\n\n\n\n<p>&#8211; P\u00edritu: Avenida Jos\u00e9 Antonio Anzo\u00e1tegui.&nbsp;&nbsp;&nbsp;<br>&#8211; Manuel Ezequiel Bruzual: Avenida Fern\u00e1ndez Padilla y en la carretera de la Costa.<\/p>\n\n\n\n<p>&#8211; Francisco de Mirada: Calle 2 de Pariagu\u00e1n.<\/p>\n\n\n\n<p><strong>Martes 28 de abril:<\/strong><br>Municipios:<br>&#8211; Sim\u00f3n Bol\u00edvar: Urbanizaci\u00f3n Colinas de Never\u00ed y en la avenida R\u00f3mulo Betancourt, en Barcelona.<br><br>&#8211; Diego Bautista Urbaneja: Avenida Jorge Rodr\u00edguez, sector Las Garzas de Lecher\u00eda.<\/p>\n\n\n\n<p>&#8211; Juan Antonio Sotillo: Avenida Constituci\u00f3n de Puerto La Cruz.<\/p>\n\n\n\n<p>&#8211; Sim\u00f3n Rodr\u00edguez: Avenida Francisco de Miranda de El Tigre.<br><br>&#8211; San Jos\u00e9 de Guanipa: Calles Uni\u00f3n y Roscio de El Tigrito.<\/p>\n\n\n\n<p>&#8211; Anaco: Avenida: Calles Industria y Comercio de Anaco.<br><br>&#8211; Pedro Mar\u00eda Freites: Calles Sucre y Girardot de Cantaura.<\/p>\n\n\n\n<p>&#8211; Aragua: Calle Ricauter de Aragua de Barcelona.<\/p>\n\n\n\n<p>&#8211; P\u00edritu: Calle El Cementerio.<\/p>\n\n\n\n<p>&#8211; Manuel Ezequiel Bruzual: Avenida Fern\u00e1ndez Padilla de Clarines.<\/p>\n\n\n\n<p>&#8211; Francisco de Mirada: Calle 3 de Pariagu\u00e1n.<\/p>\n\n\n\n<p>Para mayor informaci\u00f3n de estas jornadas visite las redes @corpoelecinfo en Instagram o la p\u00e1gina www.corpoelec.gob.ve, as\u00ed como tambi\u00e9n Corpoelec informa en Facebook.<\/p>\n\n\n\n<p><strong>Prensa MPPEE-CORPOELEC<\/strong><\/p>\n","protected":false},"excerpt":{"rendered":"<p>Estado Anzo\u00e1tegui.- Este lunes 27 y martes 28 de abril, a Corporaci\u00f3n El\u00e9ctrica Nacional (CORPOELEC) activa jornadas integrales para atender<\/p>\n","protected":false},"author":24,"featured_media":104331,"comment_status":"closed","ping_status":"closed","sticky":false,"template":"","format":"standard","meta":{"footnotes":""},"categories":[30],"tags":[2706,2691,2803,11],"class_list":["post-106181","post","type-post","status-publish","format-standard","has-post-thumbnail","hentry","category-regionales","tag-anzoategui","tag-corpoelec","tag-jornada-de-atencion-al-usuario","tag-mppee"],"_links":{"self":[{"href":"https:\/\/mppee.gob.ve\/index.php?rest_route=\/wp\/v2\/posts\/106181","targetHints":{"allow":["GET"]}}],"collection":[{"href":"https:\/\/mppee.gob.ve\/index.php?rest_route=\/wp\/v2\/posts"}],"about":[{"href":"https:\/\/mppee.gob.ve\/index.php?rest_route=\/wp\/v2\/types\/post"}],"author":[{"embeddable":true,"href":"https:\/\/mppee.gob.ve\/index.php?rest_route=\/wp\/v2\/users\/24"}],"replies":[{"embeddable":true,"href":"https:\/\/mppee.gob.ve\/index.php?rest_route=%2Fwp%2Fv2%2Fcomments&post=106181"}],"version-history":[{"count":1,"href":"https:\/\/mppee.gob.ve\/index.php?rest_route=\/wp\/v2\/posts\/106181\/revisions"}],"predecessor-version":[{"id":106182,"href":"https:\/\/mppee.gob.ve\/index.php?rest_route=\/wp\/v2\/posts\/106181\/revisions\/106182"}],"wp:featuredmedia":[{"embeddable":true,"href":"https:\/\/mppee.gob.ve\/index.php?rest_route=\/wp\/v2\/media\/104331"}],"wp:attachment":[{"href":"https:\/\/mppee.gob.ve\/index.php?rest_route=%2Fwp%2Fv2%2Fmedia&parent=106181"}],"wp:term":[{"taxonomy":"category","embeddable":true,"href":"https:\/\/mppee.gob.ve\/index.php?rest_route=%2Fwp%2Fv2%2Fcategories&post=106181"},{"taxonomy":"post_tag","embeddable":true,"href":"https:\/\/mppee.gob.ve\/index.php?rest_route=%2Fwp%2Fv2%2Ftags&post=106181"}],"curies":[{"name":"wp","href":"https:\/\/api.w.org\/{rel}","templated":true}]}}