{"id":106186,"date":"2026-04-27T12:44:26","date_gmt":"2026-04-27T12:44:26","guid":{"rendered":"https:\/\/mppee.gob.ve\/?p=106186"},"modified":"2026-04-27T12:45:21","modified_gmt":"2026-04-27T12:45:21","slug":"usuarios-maturineses-recibiran-atencion-integral-desde-este-27-a","status":"publish","type":"post","link":"https:\/\/mppee.gob.ve\/?p=106186","title":{"rendered":"Usuarios maturineses recibir\u00e1n atenci\u00f3n integral\u00a0desde este 27-A"},"content":{"rendered":"\n<p><strong>Estado Monagas.- <\/strong>Desde este lunes 27 hasta el jueves 30 de abril, la Corporaci\u00f3n El\u00e9ctrica Nacional (CORPOELEC) desplegar\u00e1 jornadas integrales de atenci\u00f3n a usuarios residenciales y comerciales en la ciudad de Matur\u00edn, estado Monagas.<\/p>\n\n\n\n<p>Durante la jornada, los ciudadanos recibir\u00e1n la asesor\u00eda personalizada y tendr\u00e1n la oportunidad de efectuar actualizaci\u00f3n de datos, pago de facturas mediante punto de venta, as\u00ed como canalizar requerimientos relacionados al servicio.<\/p>\n\n\n\n<p>Este despliegue se desarrollar\u00e1 desde las 9:00 de la ma\u00f1ana hasta las 2:30 de la tarde, en los siguientes sectores:<\/p>\n\n\n\n<p>-Lunes 27 de abril: Urbanizaci\u00f3n Juana La Avanzadora y La Cruz.<\/p>\n\n\n\n<p>&#8211; Martes 28 de abril: Urbanizaci\u00f3n El Faro y Los Guaritos.<\/p>\n\n\n\n<p>&#8211; Mi\u00e9rcoles 29 de abril: Urbanizaci\u00f3n Jardines de San Jaime y casco central de Matur\u00edn.<\/p>\n\n\n\n<p>&#8211; Jueves 30 de abril: Urbanizaci\u00f3n Ciudad Colonial y Tipuro.<\/p>\n\n\n\n<p>Para m\u00e1s informaci\u00f3n sobre las Jornadas Integrales de Atenci\u00f3n al Usuario, puede seguir la cuenta @corpoelecinfo en Instagram o visitar la p\u00e1gina web Corpoelec.gob.ve.<\/p>\n\n\n\n<p>Prensa MPPEE-CORPOELEC<\/p>\n","protected":false},"excerpt":{"rendered":"<p>Estado Monagas.- Desde este lunes 27 hasta el jueves 30 de abril, la Corporaci\u00f3n El\u00e9ctrica Nacional (CORPOELEC) desplegar\u00e1 jornadas integrales<\/p>\n","protected":false},"author":24,"featured_media":104196,"comment_status":"closed","ping_status":"closed","sticky":false,"template":"","format":"standard","meta":{"footnotes":""},"categories":[30],"tags":[2691,3629,2703,11],"class_list":["post-106186","post","type-post","status-publish","format-standard","has-post-thumbnail","hentry","category-regionales","tag-corpoelec","tag-jornadas-integrales-de-atencion-al-usuario-2","tag-monagas","tag-mppee"],"_links":{"self":[{"href":"https:\/\/mppee.gob.ve\/index.php?rest_route=\/wp\/v2\/posts\/106186","targetHints":{"allow":["GET"]}}],"collection":[{"href":"https:\/\/mppee.gob.ve\/index.php?rest_route=\/wp\/v2\/posts"}],"about":[{"href":"https:\/\/mppee.gob.ve\/index.php?rest_route=\/wp\/v2\/types\/post"}],"author":[{"embeddable":true,"href":"https:\/\/mppee.gob.ve\/index.php?rest_route=\/wp\/v2\/users\/24"}],"replies":[{"embeddable":true,"href":"https:\/\/mppee.gob.ve\/index.php?rest_route=%2Fwp%2Fv2%2Fcomments&post=106186"}],"version-history":[{"count":1,"href":"https:\/\/mppee.gob.ve\/index.php?rest_route=\/wp\/v2\/posts\/106186\/revisions"}],"predecessor-version":[{"id":106187,"href":"https:\/\/mppee.gob.ve\/index.php?rest_route=\/wp\/v2\/posts\/106186\/revisions\/106187"}],"wp:featuredmedia":[{"embeddable":true,"href":"https:\/\/mppee.gob.ve\/index.php?rest_route=\/wp\/v2\/media\/104196"}],"wp:attachment":[{"href":"https:\/\/mppee.gob.ve\/index.php?rest_route=%2Fwp%2Fv2%2Fmedia&parent=106186"}],"wp:term":[{"taxonomy":"category","embeddable":true,"href":"https:\/\/mppee.gob.ve\/index.php?rest_route=%2Fwp%2Fv2%2Fcategories&post=106186"},{"taxonomy":"post_tag","embeddable":true,"href":"https:\/\/mppee.gob.ve\/index.php?rest_route=%2Fwp%2Fv2%2Ftags&post=106186"}],"curies":[{"name":"wp","href":"https:\/\/api.w.org\/{rel}","templated":true}]}}