{"id":106220,"date":"2026-04-28T12:25:10","date_gmt":"2026-04-28T12:25:10","guid":{"rendered":"https:\/\/mppee.gob.ve\/?p=106220"},"modified":"2026-04-28T12:26:40","modified_gmt":"2026-04-28T12:26:40","slug":"brindan-atencion-personalizada-a-usuarios-barineses-hasta-el-30-a","status":"publish","type":"post","link":"https:\/\/mppee.gob.ve\/?p=106220","title":{"rendered":"Brindan atenci\u00f3n personalizada a usuarios barineses hasta el 30-A"},"content":{"rendered":"\n<p>\u200e<strong>Estado Barinas.-\u00a0<\/strong>Desde este martes 28 al jueves 30 de abril,\u00a0la Corporaci\u00f3n El\u00e9ctrica Nacional (CORPOELEC) activar\u00e1 Jornadas Integrales de Atenci\u00f3n al Usuario en seis municipios del estado Barinas.<br>\u200e<br>\u200eEstas jornadas permitir\u00e1n a los ciudadanos gestionar el pago de facturas, actualizar datos y recibir asesor\u00eda t\u00e9cnica y administrativa personalizada sobre los\u00a0 tr\u00e1mites asociados a la prestaci\u00f3n del servicio.<br>\u200e<br>\u200eEl horario de atenci\u00f3n ser\u00e1 desde las 8:00 de la ma\u00f1ana hasta las 04:00 de la tarde, en los municipios Barinas, Antonio Jos\u00e9 de Sucre, Alberto Arvelo Torrealba, Cruz Paredes, Bol\u00edvar y Ezequiel Zamora, en los siguientes sectores:<\/p>\n\n\n\n<p>&#8211; Martes 28 de abril: Sectores Paraparo, Queniquea, Caja de Agua en Ciudad Bolivia; Ezequiel Zamora en Sabaneta, La Sabana de Socop\u00f3, Pueblo Nuevo de Santa B\u00e1rbara y 12 de Octubre de Barrancas, as\u00ed como en el 23 de Enero, Guanapa y Continental de Barinas.<br>\u200e<br>\u200e- Mi\u00e9rcoles 29 de abril: La Veguita, el centro de los Turunos, San Pedro, Curbat\u00ed, El Mercadito, Beltr\u00e1n Lucena, Sim\u00f3n Bol\u00edvar, Los Naranjos, La Ceiba, San Jos\u00e9 y El Molino.<br>\u200e<br>\u200e- Jueves 30 de abril: Comunidades de Arauquita, Centro de San Silvestre, Cuchinilla, Borburata, Ticoporo, Alberto Carnivali y La Balsera, adem\u00e1s de las avenidas Juan Andr\u00e9s Varela, Los Llanos y Venezuela, junto a la calle Olmedilla.<br>\u200e<br>\u200ePara m\u00e1s informaci\u00f3n sobre las Jornadas Integrales de Atenci\u00f3n al Usuario, puede consultar la cuenta @corpoelecinfo en Instagram; Corpoelec Informa en Facebook o visitar la p\u00e1gina web corpoelec.gob.ve<br>\u200e<strong><br>Prensa MPPEE-CORPOELEC<\/strong><\/p>\n","protected":false},"excerpt":{"rendered":"<p>\u200eEstado Barinas.-\u00a0Desde este martes 28 al jueves 30 de abril,\u00a0la Corporaci\u00f3n El\u00e9ctrica Nacional (CORPOELEC) activar\u00e1 Jornadas Integrales de Atenci\u00f3n al<\/p>\n","protected":false},"author":24,"featured_media":104345,"comment_status":"closed","ping_status":"closed","sticky":false,"template":"","format":"standard","meta":{"footnotes":""},"categories":[30],"tags":[2698,2691,3629,11],"class_list":["post-106220","post","type-post","status-publish","format-standard","has-post-thumbnail","hentry","category-regionales","tag-barinas","tag-corpoelec","tag-jornadas-integrales-de-atencion-al-usuario-2","tag-mppee"],"_links":{"self":[{"href":"https:\/\/mppee.gob.ve\/index.php?rest_route=\/wp\/v2\/posts\/106220","targetHints":{"allow":["GET"]}}],"collection":[{"href":"https:\/\/mppee.gob.ve\/index.php?rest_route=\/wp\/v2\/posts"}],"about":[{"href":"https:\/\/mppee.gob.ve\/index.php?rest_route=\/wp\/v2\/types\/post"}],"author":[{"embeddable":true,"href":"https:\/\/mppee.gob.ve\/index.php?rest_route=\/wp\/v2\/users\/24"}],"replies":[{"embeddable":true,"href":"https:\/\/mppee.gob.ve\/index.php?rest_route=%2Fwp%2Fv2%2Fcomments&post=106220"}],"version-history":[{"count":1,"href":"https:\/\/mppee.gob.ve\/index.php?rest_route=\/wp\/v2\/posts\/106220\/revisions"}],"predecessor-version":[{"id":106221,"href":"https:\/\/mppee.gob.ve\/index.php?rest_route=\/wp\/v2\/posts\/106220\/revisions\/106221"}],"wp:featuredmedia":[{"embeddable":true,"href":"https:\/\/mppee.gob.ve\/index.php?rest_route=\/wp\/v2\/media\/104345"}],"wp:attachment":[{"href":"https:\/\/mppee.gob.ve\/index.php?rest_route=%2Fwp%2Fv2%2Fmedia&parent=106220"}],"wp:term":[{"taxonomy":"category","embeddable":true,"href":"https:\/\/mppee.gob.ve\/index.php?rest_route=%2Fwp%2Fv2%2Fcategories&post=106220"},{"taxonomy":"post_tag","embeddable":true,"href":"https:\/\/mppee.gob.ve\/index.php?rest_route=%2Fwp%2Fv2%2Ftags&post=106220"}],"curies":[{"name":"wp","href":"https:\/\/api.w.org\/{rel}","templated":true}]}}