{"id":106222,"date":"2026-04-28T13:33:47","date_gmt":"2026-04-28T13:33:47","guid":{"rendered":"https:\/\/mppee.gob.ve\/?p=106222"},"modified":"2026-04-28T13:41:19","modified_gmt":"2026-04-28T13:41:19","slug":"corpoelec-atendera-con-jornadas-integrales-a-usuarios-tachirenses","status":"publish","type":"post","link":"https:\/\/mppee.gob.ve\/?p=106222","title":{"rendered":"CORPOELEC atender\u00e1 a usuarios tachirenses en jornadas integrales"},"content":{"rendered":"\n<p><strong>Estado T\u00e1chira.- <\/strong>La clase trabajadora de la Corporaci\u00f3n El\u00e9ctrica Nacional (CORPOELEC), se desplegar\u00e1 con jornadas integrales por municipios tachirenses, desde este martes 28 hasta el jueves 30 de abril, con el objetivo de brindar atenci\u00f3n a los usuarios del estado andino.<\/p>\n\n\n\n<p>Durante las jornadas los usuarios residenciales y comerciales recibir\u00e1n asesor\u00eda personalizada, con el fin de garantizar tr\u00e1mites relacionados a la actualizaci\u00f3n de datos, pagar facturas, recibir notificaciones de deudas, adem\u00e1s de recibir asesor\u00edas en procesos administrativos.<\/p>\n\n\n\n<p>El despliegue se efectuar\u00e1 en horario comprendido desde las 8:00 de la ma\u00f1ana hasta las 04:00 de la tarde, en los siguientes municipios.<\/p>\n\n\n\n<p><strong>Martes 28 de abril:<br><\/strong>&#8211; Garc\u00eda de Hevia: Casco Central de La Fr\u00eda.<br>&#8211; C\u00f3rdoba: Casco Central de Santa Ana.<br>&#8211; Bol\u00edvar: Casco Central de San Antonio.<br>&#8211; Uribante: Casco Central de Pregonero.<br>&#8211; Pedro Mar\u00eda Ure\u00f1a: Casco Central de Ure\u00f1a.<br>&#8211; Fern\u00e1ndez Feo: Casco Central de El Pi\u00f1al.<br>&#8211; J\u00e1uregui: Casco Central de La Grita.<br>&#8211; Francisco de Miranda: Casco Central de San Jos\u00e9 de Bol\u00edvar.<br>&#8211; Ayacucho: Casco Central de Col\u00f3n.<br>&#8211; San Crist\u00f3bal: Parroquias San Juan Bautista y la Concordia.<br>&#8211; San Judas Tadeo: Casco Central de Umuquena.<br>&#8211; Independencia: Casco Central Capacho Nuevo.<br>&#8211; Rafael Urdaneta: Casco Central de Delicias.<br>&#8211; Jun\u00edn: Casco Central de Rubio.<br>&#8211; C\u00e1rdenas: Casco Central de T\u00e1riba.<\/p>\n\n\n\n<p><strong>Mi\u00e9rcoles 29 de abril:<br><\/strong>&#8211; Garc\u00eda de Hevia: Casco Central de La Fr\u00eda.<br>&#8211; C\u00f3rdoba: Casco Central de Santa Ana.<br>&#8211; Bol\u00edvar: Casco Central de San Antonio.<br>&#8211; Pedro Mar\u00eda Ure\u00f1a: Casco Central de Ure\u00f1a.<br>&#8211; Fern\u00e1ndez Feo: Casco Central de El Pi\u00f1al.<br>&#8211; Libertador: Casco Central de Abejales.<br>&#8211; Ayacucho: Casco Central de Col\u00f3n.<br>&#8211; San Crist\u00f3bal:\u00a0 San Juan Bautista y la Concordia.<br>&#8211; Panamericano: La Palmita de Coloncito.<br>&#8211; Independencia: Sectores de la parroquia Rom\u00e1n Cardenas Capacho Nuevo.<br>&#8211; Rafael Urdaneta: Casco Central de Delicias.<br>&#8211; Jun\u00edn: Casco Central de Rubio.<br>&#8211; C\u00e1rdenas: Casco Central de T\u00e1riba.<\/p>\n\n\n\n<p><strong>Jueves 30 de abril:<br><\/strong>&#8211; Garc\u00eda de Hevia: Casco Central de La Fr\u00eda.<br>&#8211; C\u00f3rdoba: Casco Central de Santa Ana.<br>&#8211; Bol\u00edvar: Casco Central de San Antonio.<br>&#8211; Pedro Mar\u00eda Ure\u00f1a: Casco Central de Ure\u00f1a.<br>&#8211; J\u00e1uregui: Casco Central de La Grita.<br>&#8211; Sucre: Casco Central de Queniquea.<br>&#8211; Libertador: Casco Central de Abejales.<br>&#8211; Ayacucho: Casco Central de Col\u00f3n.<br>&#8211; San Crist\u00f3bal: Parroquias San Juan Bautista y la Concordia.<br>&#8211; Panamericano: La Palmita de Coloncito.<br>&#8211; Independencia: Sectores de la parroquia Rom\u00e1n C\u00e1rdenas de Capacho Nuevo.<br>&#8211; Rafael Urdaneta: Casco Central de Delicias.<br>&#8211; Jun\u00edn: Casco Central de Rubio.<br>&#8211; C\u00e1rdenas: Casco Central de T\u00e1riba.<\/p>\n\n\n\n<p>Para mayor informaci\u00f3n de estas jornadas visite las redes @corpoelecinfo en Instagram o la p\u00e1gina www.corpoelec.gob.ve, as\u00ed como tambi\u00e9n Corpoelec informa en Facebook.<\/p>\n\n\n\n<p><strong>Prensa MPPEE-CORPOELEC<\/strong><\/p>\n","protected":false},"excerpt":{"rendered":"<p>Estado T\u00e1chira.- La clase trabajadora de la Corporaci\u00f3n El\u00e9ctrica Nacional (CORPOELEC), se desplegar\u00e1 con jornadas integrales por municipios tachirenses, desde<\/p>\n","protected":false},"author":24,"featured_media":103680,"comment_status":"closed","ping_status":"closed","sticky":false,"template":"","format":"standard","meta":{"footnotes":""},"categories":[30],"tags":[2691,3629,11,2700],"class_list":["post-106222","post","type-post","status-publish","format-standard","has-post-thumbnail","hentry","category-regionales","tag-corpoelec","tag-jornadas-integrales-de-atencion-al-usuario-2","tag-mppee","tag-tachira"],"_links":{"self":[{"href":"https:\/\/mppee.gob.ve\/index.php?rest_route=\/wp\/v2\/posts\/106222","targetHints":{"allow":["GET"]}}],"collection":[{"href":"https:\/\/mppee.gob.ve\/index.php?rest_route=\/wp\/v2\/posts"}],"about":[{"href":"https:\/\/mppee.gob.ve\/index.php?rest_route=\/wp\/v2\/types\/post"}],"author":[{"embeddable":true,"href":"https:\/\/mppee.gob.ve\/index.php?rest_route=\/wp\/v2\/users\/24"}],"replies":[{"embeddable":true,"href":"https:\/\/mppee.gob.ve\/index.php?rest_route=%2Fwp%2Fv2%2Fcomments&post=106222"}],"version-history":[{"count":4,"href":"https:\/\/mppee.gob.ve\/index.php?rest_route=\/wp\/v2\/posts\/106222\/revisions"}],"predecessor-version":[{"id":106233,"href":"https:\/\/mppee.gob.ve\/index.php?rest_route=\/wp\/v2\/posts\/106222\/revisions\/106233"}],"wp:featuredmedia":[{"embeddable":true,"href":"https:\/\/mppee.gob.ve\/index.php?rest_route=\/wp\/v2\/media\/103680"}],"wp:attachment":[{"href":"https:\/\/mppee.gob.ve\/index.php?rest_route=%2Fwp%2Fv2%2Fmedia&parent=106222"}],"wp:term":[{"taxonomy":"category","embeddable":true,"href":"https:\/\/mppee.gob.ve\/index.php?rest_route=%2Fwp%2Fv2%2Fcategories&post=106222"},{"taxonomy":"post_tag","embeddable":true,"href":"https:\/\/mppee.gob.ve\/index.php?rest_route=%2Fwp%2Fv2%2Ftags&post=106222"}],"curies":[{"name":"wp","href":"https:\/\/api.w.org\/{rel}","templated":true}]}}