{"id":106239,"date":"2026-04-28T15:15:15","date_gmt":"2026-04-28T15:15:15","guid":{"rendered":"https:\/\/mppee.gob.ve\/?p=106239"},"modified":"2026-04-28T15:16:27","modified_gmt":"2026-04-28T15:16:27","slug":"usuarios-del-municipio-atures-seran-atendidos-en-jornadas-comerciales","status":"publish","type":"post","link":"https:\/\/mppee.gob.ve\/?p=106239","title":{"rendered":"Usuarios del municipio Atures ser\u00e1n atendidos en jornadas comerciales"},"content":{"rendered":"\n<p><strong>Puerto Ayacucho, estado Amazonas.- <\/strong>Este mi\u00e9rcoles 29 y jueves 30 de abril, la Corporaci\u00f3n El\u00e9ctrica Nacional (CORPOELEC), brindar\u00e1 atenci\u00f3n personalizada a usuarios de Puerto Ayacucho en el estado Amazonas.<\/p>\n\n\n\n<p>Los agentes comerciales de la estatal el\u00e9ctrica, atender\u00e1n desde las 8:00 de la ma\u00f1ana hasta las 4:00 de la tarde, para ofrecer asesor\u00eda a los usuarios sobre la actualizaci\u00f3n de datos, reportes, notificaci\u00f3n de deuda y orientaci\u00f3n sobre el uso de las herramientas digitales.<\/p>\n\n\n\n<p>A continuaci\u00f3n, conozca los sectores donde estar\u00e1n los stands:<\/p>\n\n\n\n<p>&#8211; Mi\u00e9rcoles 29 de abril: sector Valle Verde y El Para\u00edso (Pol\u00edgono).<\/p>\n\n\n\n<p>&#8211; Jueves 30 de abril: sector 1\u00b0 de Mayo y El Mo\u00f1ito Perimetral.<\/p>\n\n\n\n<p>Para m\u00e1s informaci\u00f3n sobre las Jornadas Integrales de Atenci\u00f3n al Usuario, puede consultar la cuenta @corpoelecinfo en Instagram; Corpoelec Informa en Facebook o visitar la p\u00e1gina web corpoelec.gob.ve<\/p>\n\n\n\n<p><strong>Prensa MPPEE-CORPOELEC<\/strong><\/p>\n","protected":false},"excerpt":{"rendered":"<p>Puerto Ayacucho, estado Amazonas.- Este mi\u00e9rcoles 29 y jueves 30 de abril, la Corporaci\u00f3n El\u00e9ctrica Nacional (CORPOELEC), brindar\u00e1 atenci\u00f3n personalizada<\/p>\n","protected":false},"author":24,"featured_media":104196,"comment_status":"closed","ping_status":"closed","sticky":false,"template":"","format":"standard","meta":{"footnotes":""},"categories":[30],"tags":[2740,2691,2803,11],"class_list":["post-106239","post","type-post","status-publish","format-standard","has-post-thumbnail","hentry","category-regionales","tag-amazonas","tag-corpoelec","tag-jornada-de-atencion-al-usuario","tag-mppee"],"_links":{"self":[{"href":"https:\/\/mppee.gob.ve\/index.php?rest_route=\/wp\/v2\/posts\/106239","targetHints":{"allow":["GET"]}}],"collection":[{"href":"https:\/\/mppee.gob.ve\/index.php?rest_route=\/wp\/v2\/posts"}],"about":[{"href":"https:\/\/mppee.gob.ve\/index.php?rest_route=\/wp\/v2\/types\/post"}],"author":[{"embeddable":true,"href":"https:\/\/mppee.gob.ve\/index.php?rest_route=\/wp\/v2\/users\/24"}],"replies":[{"embeddable":true,"href":"https:\/\/mppee.gob.ve\/index.php?rest_route=%2Fwp%2Fv2%2Fcomments&post=106239"}],"version-history":[{"count":1,"href":"https:\/\/mppee.gob.ve\/index.php?rest_route=\/wp\/v2\/posts\/106239\/revisions"}],"predecessor-version":[{"id":106241,"href":"https:\/\/mppee.gob.ve\/index.php?rest_route=\/wp\/v2\/posts\/106239\/revisions\/106241"}],"wp:featuredmedia":[{"embeddable":true,"href":"https:\/\/mppee.gob.ve\/index.php?rest_route=\/wp\/v2\/media\/104196"}],"wp:attachment":[{"href":"https:\/\/mppee.gob.ve\/index.php?rest_route=%2Fwp%2Fv2%2Fmedia&parent=106239"}],"wp:term":[{"taxonomy":"category","embeddable":true,"href":"https:\/\/mppee.gob.ve\/index.php?rest_route=%2Fwp%2Fv2%2Fcategories&post=106239"},{"taxonomy":"post_tag","embeddable":true,"href":"https:\/\/mppee.gob.ve\/index.php?rest_route=%2Fwp%2Fv2%2Ftags&post=106239"}],"curies":[{"name":"wp","href":"https:\/\/api.w.org\/{rel}","templated":true}]}}