{"id":106240,"date":"2026-04-28T15:59:49","date_gmt":"2026-04-28T15:59:49","guid":{"rendered":"https:\/\/mppee.gob.ve\/?p=106240"},"modified":"2026-04-28T16:01:13","modified_gmt":"2026-04-28T16:01:13","slug":"activan-despliegue-de-atencion-integral-en-municipios-sucrenses","status":"publish","type":"post","link":"https:\/\/mppee.gob.ve\/?p=106240","title":{"rendered":"Activan despliegue de atenci\u00f3n integral en municipios sucrenses"},"content":{"rendered":"\n<p><strong>Estado Sucre.-<\/strong> La Corporaci\u00f3n El\u00e9ctrica Nacional (CORPOELEC) llevar\u00e1 a cabo jornadas de atenci\u00f3n integral en el estado Sucre, este mi\u00e9rcoles 29 y jueves 30 de abril, con el prop\u00f3sito de ofrecer asesor\u00eda en tr\u00e1mites relacionados con el servicio de electricidad.<\/p>\n\n\n\n<p>El despliegue se realizar\u00e1 desde las 9:00 de la ma\u00f1ana hasta las 12:00 del mediod\u00eda en diferentes urbanizaciones del municipio Sucre, permitiendo a los usuarios actualizar datos, recibir notificaci\u00f3n de deudas, as\u00ed como tambi\u00e9n cancelar facturas por consumo del servicio.<\/p>\n\n\n\n<p>Los sectores donde estar\u00e1n ubicados los stands son:<\/p>\n\n\n\n<p>&#8211; Mi\u00e9rcoles 29 de abril: Urbanizaci\u00f3n Villas del Campo II.<\/p>\n\n\n\n<p>&#8211; Jueves 30 de abril: Urbanizaci\u00f3n Vela de Coro.<\/p>\n\n\n\n<p>De igual manera, el sector comercial ser\u00e1 atendido con estas jornadas en un horario comprendido desde las 4:00 de la tarde hasta las 8:00 de la noche en los municipios Sucre, Berm\u00fadez, Ribero, Bol\u00edvar, Montes, Andr\u00e9s Eloy Blanco, Valdez y Cruz Salmer\u00f3n Acosta.<\/p>\n\n\n\n<p>Para mayor informaci\u00f3n sobre las Jornadas Integrales de Atenci\u00f3n al Usuario, puede consultar la cuenta oficial @corpoelecinfo en Instagram o visitar el portal web www.corpoelec.gob.ve.<\/p>\n\n\n\n<p><strong>Prensa MPPEE-CORPOELEC<\/strong><\/p>\n","protected":false},"excerpt":{"rendered":"<p>Estado Sucre.- La Corporaci\u00f3n El\u00e9ctrica Nacional (CORPOELEC) llevar\u00e1 a cabo jornadas de atenci\u00f3n integral en el estado Sucre, este mi\u00e9rcoles<\/p>\n","protected":false},"author":24,"featured_media":104331,"comment_status":"closed","ping_status":"closed","sticky":false,"template":"","format":"standard","meta":{"footnotes":""},"categories":[30],"tags":[2691,2970,11,2693],"class_list":["post-106240","post","type-post","status-publish","format-standard","has-post-thumbnail","hentry","category-regionales","tag-corpoelec","tag-jornada-integral-de-atencion-a-usuario","tag-mppee","tag-sucre"],"_links":{"self":[{"href":"https:\/\/mppee.gob.ve\/index.php?rest_route=\/wp\/v2\/posts\/106240","targetHints":{"allow":["GET"]}}],"collection":[{"href":"https:\/\/mppee.gob.ve\/index.php?rest_route=\/wp\/v2\/posts"}],"about":[{"href":"https:\/\/mppee.gob.ve\/index.php?rest_route=\/wp\/v2\/types\/post"}],"author":[{"embeddable":true,"href":"https:\/\/mppee.gob.ve\/index.php?rest_route=\/wp\/v2\/users\/24"}],"replies":[{"embeddable":true,"href":"https:\/\/mppee.gob.ve\/index.php?rest_route=%2Fwp%2Fv2%2Fcomments&post=106240"}],"version-history":[{"count":1,"href":"https:\/\/mppee.gob.ve\/index.php?rest_route=\/wp\/v2\/posts\/106240\/revisions"}],"predecessor-version":[{"id":106243,"href":"https:\/\/mppee.gob.ve\/index.php?rest_route=\/wp\/v2\/posts\/106240\/revisions\/106243"}],"wp:featuredmedia":[{"embeddable":true,"href":"https:\/\/mppee.gob.ve\/index.php?rest_route=\/wp\/v2\/media\/104331"}],"wp:attachment":[{"href":"https:\/\/mppee.gob.ve\/index.php?rest_route=%2Fwp%2Fv2%2Fmedia&parent=106240"}],"wp:term":[{"taxonomy":"category","embeddable":true,"href":"https:\/\/mppee.gob.ve\/index.php?rest_route=%2Fwp%2Fv2%2Fcategories&post=106240"},{"taxonomy":"post_tag","embeddable":true,"href":"https:\/\/mppee.gob.ve\/index.php?rest_route=%2Fwp%2Fv2%2Ftags&post=106240"}],"curies":[{"name":"wp","href":"https:\/\/api.w.org\/{rel}","templated":true}]}}