{"id":106257,"date":"2026-04-28T22:29:48","date_gmt":"2026-04-28T22:29:48","guid":{"rendered":"https:\/\/mppee.gob.ve\/?p=106257"},"modified":"2026-04-28T22:30:29","modified_gmt":"2026-04-28T22:30:29","slug":"planta-centro-y-josefa-camejo-aportaran-mas-de-700-megavatios-al-estado-carabobo","status":"publish","type":"post","link":"https:\/\/mppee.gob.ve\/?p=106257","title":{"rendered":"Planta Centro y Josefa Camejo aportar\u00e1n m\u00e1s de 700 megavatios al estado Carabobo"},"content":{"rendered":"\n<p><strong>Estado Carabobo.- <\/strong>\u201cHay dos proyectos el\u00e9ctricos en los que no descansamos; la m\u00e1quina seis de Planta Centro que dar\u00e1 600 megavatios y Josefa Camejo que dar\u00e1 150 megavatios. Las soluciones no son de un d\u00eda para otro, pero s\u00e9 que este a\u00f1o lo vamos a ver y el estado Carabobo se va a beneficiar\u201d, inform\u00f3 la presidente encargada de la Rep\u00fablica, Delcy Rodr\u00edguez, durante el encuentro por una Venezuela en paz y libre de sanciones, realizado en el estado&nbsp; Carabobo.<\/p>\n\n\n\n<p>La mandataria nacional, Delcy Rodr\u00edguez, detall\u00f3 que evaluar\u00e1 las propuestas en materia de energ\u00eda el\u00e9ctrica surgidas en el debate con representantes de diversos sectores de la entidad carabobe\u00f1a.<\/p>\n\n\n\n<p>\u201cHe tomado las propuestas de Fedec\u00e1maras, sobre el tema el\u00e9ctrico en el pa\u00eds. M\u00e1s de una d\u00e9cada de bloqueo y sanciones donde no pod\u00edamos ir a Siemens, General Electric, para adquirir un transformador\u201d, precis\u00f3.<\/p>\n\n\n\n<p>Acompa\u00f1ada por el gobernador de la entidad, Rafael Lacava, la presidenta Delcy Rodr\u00edguez, inform\u00f3 que el Gobierno nacional est\u00e1 tomado decisiones relevantes para Venezuela; actualmente est\u00e1n en marcha proyectos el\u00e9ctricos para elevar la capacidad del Sistema El\u00e9ctrico Nacional (SEN).&nbsp;<\/p>\n\n\n\n<p>El encuentro con representantes de sectores sociales, pol\u00edticos y culturales culmin\u00f3 con el llamado de la l\u00edder venezolana a la unidad y el reconocimiento mutuo para trabajar y avanzar en la nueva etapa econ\u00f3mica del pa\u00eds.&nbsp;<\/p>\n\n\n\n<p><strong>Prensa MPPEE-CORPOELEC<\/strong><\/p>\n","protected":false},"excerpt":{"rendered":"<p>Estado Carabobo.- \u201cHay dos proyectos el\u00e9ctricos en los que no descansamos; la m\u00e1quina seis de Planta Centro que dar\u00e1 600<\/p>\n","protected":false},"author":22,"featured_media":106258,"comment_status":"closed","ping_status":"closed","sticky":false,"template":"","format":"standard","meta":{"footnotes":""},"categories":[15],"tags":[2692,2691,11,2744,46],"class_list":["post-106257","post","type-post","status-publish","format-standard","has-post-thumbnail","hentry","category-nacionales","tag-carabobo","tag-corpoelec","tag-mppee","tag-sen","tag-venezuela"],"_links":{"self":[{"href":"https:\/\/mppee.gob.ve\/index.php?rest_route=\/wp\/v2\/posts\/106257","targetHints":{"allow":["GET"]}}],"collection":[{"href":"https:\/\/mppee.gob.ve\/index.php?rest_route=\/wp\/v2\/posts"}],"about":[{"href":"https:\/\/mppee.gob.ve\/index.php?rest_route=\/wp\/v2\/types\/post"}],"author":[{"embeddable":true,"href":"https:\/\/mppee.gob.ve\/index.php?rest_route=\/wp\/v2\/users\/22"}],"replies":[{"embeddable":true,"href":"https:\/\/mppee.gob.ve\/index.php?rest_route=%2Fwp%2Fv2%2Fcomments&post=106257"}],"version-history":[{"count":1,"href":"https:\/\/mppee.gob.ve\/index.php?rest_route=\/wp\/v2\/posts\/106257\/revisions"}],"predecessor-version":[{"id":106259,"href":"https:\/\/mppee.gob.ve\/index.php?rest_route=\/wp\/v2\/posts\/106257\/revisions\/106259"}],"wp:featuredmedia":[{"embeddable":true,"href":"https:\/\/mppee.gob.ve\/index.php?rest_route=\/wp\/v2\/media\/106258"}],"wp:attachment":[{"href":"https:\/\/mppee.gob.ve\/index.php?rest_route=%2Fwp%2Fv2%2Fmedia&parent=106257"}],"wp:term":[{"taxonomy":"category","embeddable":true,"href":"https:\/\/mppee.gob.ve\/index.php?rest_route=%2Fwp%2Fv2%2Fcategories&post=106257"},{"taxonomy":"post_tag","embeddable":true,"href":"https:\/\/mppee.gob.ve\/index.php?rest_route=%2Fwp%2Fv2%2Ftags&post=106257"}],"curies":[{"name":"wp","href":"https:\/\/api.w.org\/{rel}","templated":true}]}}