{"id":106281,"date":"2026-04-29T18:20:51","date_gmt":"2026-04-29T18:20:51","guid":{"rendered":"https:\/\/mppee.gob.ve\/?p=106281"},"modified":"2026-04-29T18:21:34","modified_gmt":"2026-04-29T18:21:34","slug":"usuarios-anzoatiguenses-recibiran-atencion-integral-este-30-a","status":"publish","type":"post","link":"https:\/\/mppee.gob.ve\/?p=106281","title":{"rendered":"Usuarios anzoatiguenses recibir\u00e1n atenci\u00f3n integral este 30-A"},"content":{"rendered":"\n<p><strong>Estado Anzo\u00e1tegui.-<\/strong> Este jueves 30 de abril, la Corporaci\u00f3n El\u00e9ctrica Nacional (CORPOELEC) activar\u00e1 Jornadas Integrales de Atenci\u00f3n al Usuario en las principales ciudades del estado Anzo\u00e1tegui, para brindar asesor\u00eda en los ciudadanos sobre los tr\u00e1mites del servicio de electricidad.<\/p>\n\n\n\n<p>El despliegue se realizar\u00e1 en un horario comprendido desde las 8:00 de la ma\u00f1ana hasta las 02:00 de la tarde, para que los usuarios realicen actualizaci\u00f3n de datos, reciban notificaci\u00f3n de deudas, pago de facturas por consumo el\u00e9ctrico, entre otros servicios.<\/p>\n\n\n\n<p>A continuaci\u00f3n, consulte los municipios y sectores donde estar\u00e1n ubicados los agentes comerciales:<\/p>\n\n\n\n<p>&#8211; Sim\u00f3n Bol\u00edvar: Avenidas Juan de Urp\u00edn y Costanera en Barcelona.<\/p>\n\n\n\n<p>&#8211; Diego Bautista Urbaneja: Avenida Paseo Col\u00f3n de Lecher\u00eda.<\/p>\n\n\n\n<p>&#8211; Juan Antonio Sotillo: Calle Alberto Ravel de Puerto La Cruz.<\/p>\n\n\n\n<p>&#8211; Sim\u00f3n Rodr\u00edguez: Avenida Libertador de El Tigre.<\/p>\n\n\n\n<p>&#8211; San Jos\u00e9 de Guanipa: Avenida Fern\u00e1ndez Padilla de El Tigrito.<\/p>\n\n\n\n<p>&#8211; Anaco: Avenida M\u00e9rida y calle 19 de abril de Anaco.<\/p>\n\n\n\n<p>&#8211; Pedro Mar\u00eda Freites: Avenida Bol\u00edvar y calles Piar de Cantaura.<\/p>\n\n\n\n<p>&#8211; Aragua: Avenida Anzo\u00e1tegui de Aragua de Barcelona.<\/p>\n\n\n\n<p>&#8211; P\u00edritu: Calle El Estadio.<\/p>\n\n\n\n<p>&#8211; Manuel Ezequiel Bruzual: Avenida Fern\u00e1ndez Padilla de Clarines.<\/p>\n\n\n\n<p>&#8211;&nbsp; Francisco de Mirada: Calle Anzo\u00e1tegui de Pariagu\u00e1n.<\/p>\n\n\n\n<p>Para conocer m\u00e1s detalles de estas jornadas puede visitar las redes @corpoelecinfo en Instagram o la p\u00e1gina web de CORPOELEC <a href=\"http:\/\/www.corpoelec.gob.ve\">www.corpoelec.gob.ve<\/a>.<\/p>\n\n\n\n<p><strong>Prensa MPPEE-CORPOELEC<\/strong><\/p>\n\n\n\n<p><\/p>\n","protected":false},"excerpt":{"rendered":"<p>Estado Anzo\u00e1tegui.- Este jueves 30 de abril, la Corporaci\u00f3n El\u00e9ctrica Nacional (CORPOELEC) activar\u00e1 Jornadas Integrales de Atenci\u00f3n al Usuario en<\/p>\n","protected":false},"author":24,"featured_media":104196,"comment_status":"closed","ping_status":"closed","sticky":false,"template":"","format":"standard","meta":{"footnotes":""},"categories":[30],"tags":[2706,2691,2803,11],"class_list":["post-106281","post","type-post","status-publish","format-standard","has-post-thumbnail","hentry","category-regionales","tag-anzoategui","tag-corpoelec","tag-jornada-de-atencion-al-usuario","tag-mppee"],"_links":{"self":[{"href":"https:\/\/mppee.gob.ve\/index.php?rest_route=\/wp\/v2\/posts\/106281","targetHints":{"allow":["GET"]}}],"collection":[{"href":"https:\/\/mppee.gob.ve\/index.php?rest_route=\/wp\/v2\/posts"}],"about":[{"href":"https:\/\/mppee.gob.ve\/index.php?rest_route=\/wp\/v2\/types\/post"}],"author":[{"embeddable":true,"href":"https:\/\/mppee.gob.ve\/index.php?rest_route=\/wp\/v2\/users\/24"}],"replies":[{"embeddable":true,"href":"https:\/\/mppee.gob.ve\/index.php?rest_route=%2Fwp%2Fv2%2Fcomments&post=106281"}],"version-history":[{"count":1,"href":"https:\/\/mppee.gob.ve\/index.php?rest_route=\/wp\/v2\/posts\/106281\/revisions"}],"predecessor-version":[{"id":106287,"href":"https:\/\/mppee.gob.ve\/index.php?rest_route=\/wp\/v2\/posts\/106281\/revisions\/106287"}],"wp:featuredmedia":[{"embeddable":true,"href":"https:\/\/mppee.gob.ve\/index.php?rest_route=\/wp\/v2\/media\/104196"}],"wp:attachment":[{"href":"https:\/\/mppee.gob.ve\/index.php?rest_route=%2Fwp%2Fv2%2Fmedia&parent=106281"}],"wp:term":[{"taxonomy":"category","embeddable":true,"href":"https:\/\/mppee.gob.ve\/index.php?rest_route=%2Fwp%2Fv2%2Fcategories&post=106281"},{"taxonomy":"post_tag","embeddable":true,"href":"https:\/\/mppee.gob.ve\/index.php?rest_route=%2Fwp%2Fv2%2Ftags&post=106281"}],"curies":[{"name":"wp","href":"https:\/\/api.w.org\/{rel}","templated":true}]}}