{"id":106303,"date":"2026-04-30T16:30:36","date_gmt":"2026-04-30T16:30:36","guid":{"rendered":"https:\/\/mppee.gob.ve\/?p=106303"},"modified":"2026-04-30T16:31:26","modified_gmt":"2026-04-30T16:31:26","slug":"adecuaciones-electricas-optimizan-el-servicio-de-mas-de-238-mil-usuarios-llaneros","status":"publish","type":"post","link":"https:\/\/mppee.gob.ve\/?p=106303","title":{"rendered":"Adecuaciones el\u00e9ctricas optimizan el servicio de m\u00e1s de 238 mil usuarios llaneros"},"content":{"rendered":"\n<p><strong>Estado Portuguesa.- <\/strong>La clase trabajadora de la Corporaci\u00f3n El\u00e9ctrica Nacional (CORPOELEC), realiz\u00f3 labores de mantenimiento y adecuaciones en subestaciones, favoreciendo directamente a m\u00e1s de 238 mil usuarios de los municipios Guanare, San Rafael de Onoto, P\u00e1ez y Anzo\u00e1tegui de los estados Portuguesa y Cojedes.<\/p>\n\n\n\n<p>Las acciones que impactan positivamente en el funcionamiento de los equipos de potencia de las infraestructuras de 115kV Guanare y Acarigua I, incluyeron mediciones t\u00e9cnicas, limpieza general, cambio de componentes, torniller\u00eda, lubricaci\u00f3n y ajustes en las conexiones.<\/p>\n\n\n\n<p>Con estos trabajos se fortalecen las redes de distribuci\u00f3n asociadas a los circuitos Sur, Centro G, Guanaguanare, Inos Aeropuerto, Hospital, Unellez, Mesa de Cavacas, Papel\u00f3n, Corpoven, Majaguas y Apartaderos.<\/p>\n\n\n\n<p>Simult\u00e1neamente, el personal especializado llev\u00f3 a cabo labores de mantenimiento general en el banco de bater\u00edas y servicios auxiliares de la subestaci\u00f3n Acarigua II\/230kV, con el prop\u00f3sito de garantizar el suministro de la energ\u00eda en dichas instalaciones al momento de ser requerido.<\/p>\n\n\n\n<p>CORPOELEC reafirma su compromiso de continuar con la materializaci\u00f3n de las tareas contempladas en el Plan Anual de Mantenimiento impulsado por el Ministerio del Poder Popular para la Energ\u00eda El\u00e9ctrica, en aras de fortalecer el Sistema El\u00e9ctrico Nacional (SEN).<\/p>\n\n\n\n<p><strong>Prensa MPPEE-CORPOELEC<\/strong><\/p>\n","protected":false},"excerpt":{"rendered":"<p>Estado Portuguesa.- La clase trabajadora de la Corporaci\u00f3n El\u00e9ctrica Nacional (CORPOELEC), realiz\u00f3 labores de mantenimiento y adecuaciones en subestaciones, favoreciendo<\/p>\n","protected":false},"author":24,"featured_media":106305,"comment_status":"closed","ping_status":"closed","sticky":false,"template":"","format":"standard","meta":{"footnotes":""},"categories":[30],"tags":[2691,2704,11,2725],"class_list":["post-106303","post","type-post","status-publish","format-standard","has-post-thumbnail","hentry","category-regionales","tag-corpoelec","tag-mantenimiento","tag-mppee","tag-portuguesa"],"_links":{"self":[{"href":"https:\/\/mppee.gob.ve\/index.php?rest_route=\/wp\/v2\/posts\/106303","targetHints":{"allow":["GET"]}}],"collection":[{"href":"https:\/\/mppee.gob.ve\/index.php?rest_route=\/wp\/v2\/posts"}],"about":[{"href":"https:\/\/mppee.gob.ve\/index.php?rest_route=\/wp\/v2\/types\/post"}],"author":[{"embeddable":true,"href":"https:\/\/mppee.gob.ve\/index.php?rest_route=\/wp\/v2\/users\/24"}],"replies":[{"embeddable":true,"href":"https:\/\/mppee.gob.ve\/index.php?rest_route=%2Fwp%2Fv2%2Fcomments&post=106303"}],"version-history":[{"count":1,"href":"https:\/\/mppee.gob.ve\/index.php?rest_route=\/wp\/v2\/posts\/106303\/revisions"}],"predecessor-version":[{"id":106307,"href":"https:\/\/mppee.gob.ve\/index.php?rest_route=\/wp\/v2\/posts\/106303\/revisions\/106307"}],"wp:featuredmedia":[{"embeddable":true,"href":"https:\/\/mppee.gob.ve\/index.php?rest_route=\/wp\/v2\/media\/106305"}],"wp:attachment":[{"href":"https:\/\/mppee.gob.ve\/index.php?rest_route=%2Fwp%2Fv2%2Fmedia&parent=106303"}],"wp:term":[{"taxonomy":"category","embeddable":true,"href":"https:\/\/mppee.gob.ve\/index.php?rest_route=%2Fwp%2Fv2%2Fcategories&post=106303"},{"taxonomy":"post_tag","embeddable":true,"href":"https:\/\/mppee.gob.ve\/index.php?rest_route=%2Fwp%2Fv2%2Ftags&post=106303"}],"curies":[{"name":"wp","href":"https:\/\/api.w.org\/{rel}","templated":true}]}}