{"id":82523,"date":"2020-07-16T15:40:00","date_gmt":"2020-07-16T15:40:00","guid":{"rendered":"http:\/\/10.200.87.50\/mppee\/?p=82523"},"modified":"2020-07-17T15:59:55","modified_gmt":"2020-07-17T15:59:55","slug":"corpoelec-industrial-logro-la-remanufacturacion-de-transformadores-de-100kva-con-mano-de-obra-venezolana","status":"publish","type":"post","link":"https:\/\/mppee.gob.ve\/?p=82523","title":{"rendered":"Corpoelec Industrial logr\u00f3 la remanufacturaci\u00f3n de transformadores de 100kVA con mano de obra venezolana"},"content":{"rendered":"<p style=\"text-align: justify;\"><strong>Lara, 16 de julio de 2020 (Prensa Corpoelec Industrial).-<\/strong> Este 16 de julio, la Planta de Reconstrucci\u00f3n de Transformadores pertenecientes a la <strong>Corporaci\u00f3n Industrial El\u00e9ctrica (Corpoelec Industrial)<\/strong>, ubicada en Carora, estado Lara, logr\u00f3 por primera vez la remanufacturaci\u00f3n de un transformador de 100 kVA con mano de obra 100% venezolana.<\/p>\n<p style=\"text-align: justify;\">Con este logr\u00f3 se aumenta la capacidad de remanufacturaci\u00f3n de transformadores tipo intemperie que se realiza en esta Planta, aportando un granito de arena m\u00e1s al mejoramiento del <strong>Sistema El\u00e9trico Nacional (SEN).<\/strong><\/p>\n<p style=\"text-align: justify;\">Toda esta labor est\u00e1 enmarcada en los lineamientos del <strong>Ministro del Poder Popular para la Energ\u00eda El\u00e9ctrica, Freddy Brito<\/strong>, para el desarrollo del Sector y el Sistema el\u00e9ctrico, como lo indica el <strong>5to objetivo del Plan de la Patria 2020-2025.<\/strong><\/p>\n<p style=\"text-align: justify;\"><strong>\u00abEs un orgullo para nosotros este logr\u00f3, porque estamos haciendo un aporte al pa\u00eds\u00bb<\/strong>, indicaron los trabajadores de dicha planta.<\/p>\n","protected":false},"excerpt":{"rendered":"<p>Lara, 16 de julio de 2020 (Prensa Corpoelec Industrial).- Este 16 de julio, la Planta de Reconstrucci\u00f3n de Transformadores pertenecientes<\/p>\n","protected":false},"author":12,"featured_media":0,"comment_status":"open","ping_status":"open","sticky":false,"template":"","format":"standard","meta":{"footnotes":""},"categories":[15],"tags":[11],"class_list":["post-82523","post","type-post","status-publish","format-standard","hentry","category-nacionales","tag-mppee"],"_links":{"self":[{"href":"https:\/\/mppee.gob.ve\/index.php?rest_route=\/wp\/v2\/posts\/82523","targetHints":{"allow":["GET"]}}],"collection":[{"href":"https:\/\/mppee.gob.ve\/index.php?rest_route=\/wp\/v2\/posts"}],"about":[{"href":"https:\/\/mppee.gob.ve\/index.php?rest_route=\/wp\/v2\/types\/post"}],"author":[{"embeddable":true,"href":"https:\/\/mppee.gob.ve\/index.php?rest_route=\/wp\/v2\/users\/12"}],"replies":[{"embeddable":true,"href":"https:\/\/mppee.gob.ve\/index.php?rest_route=%2Fwp%2Fv2%2Fcomments&post=82523"}],"version-history":[{"count":1,"href":"https:\/\/mppee.gob.ve\/index.php?rest_route=\/wp\/v2\/posts\/82523\/revisions"}],"predecessor-version":[{"id":82526,"href":"https:\/\/mppee.gob.ve\/index.php?rest_route=\/wp\/v2\/posts\/82523\/revisions\/82526"}],"wp:attachment":[{"href":"https:\/\/mppee.gob.ve\/index.php?rest_route=%2Fwp%2Fv2%2Fmedia&parent=82523"}],"wp:term":[{"taxonomy":"category","embeddable":true,"href":"https:\/\/mppee.gob.ve\/index.php?rest_route=%2Fwp%2Fv2%2Fcategories&post=82523"},{"taxonomy":"post_tag","embeddable":true,"href":"https:\/\/mppee.gob.ve\/index.php?rest_route=%2Fwp%2Fv2%2Ftags&post=82523"}],"curies":[{"name":"wp","href":"https:\/\/api.w.org\/{rel}","templated":true}]}}