{"id":82552,"date":"2020-08-18T21:03:20","date_gmt":"2020-08-18T21:03:20","guid":{"rendered":"http:\/\/10.200.87.50\/mppee\/?p=82552"},"modified":"2020-08-18T21:04:24","modified_gmt":"2020-08-18T21:04:24","slug":"autoridades-del-sector-electrico-rindieron-homenaje-postumo-a-dario-vivas","status":"publish","type":"post","link":"https:\/\/mppee.gob.ve\/?p=82552","title":{"rendered":"Autoridades del Sector El\u00e9ctrico rindieron homenaje p\u00f3stumo a Dar\u00edo Vivas\u00a0"},"content":{"rendered":"\n<p> Caracas, 18 de agosto de 2020 (Prensa MPPEE).- Desde la Plaza Bol\u00edvar de Caracas, autoridades del Sector El\u00e9ctrico rindieron homenaje en capilla ardiente a Dar\u00edo Vivas, el dirigente revolucionario del Partido Socialista Unido de Venezuela, PSUV, que falleci\u00f3 el pasado jueves 13 de agosto a causa de la pandemia del Coronavirus (Covid-19).&nbsp;<\/p>\n\n\n\n<p>\nA\nla actividad asistieron Tania Masea, viceministra para Nuevas Fuentes\ny Uso Racional de la Energ\u00eda El\u00e9ctrica; Carlos Gonz\u00e1lez,\nviceministro para el Desarrollo del Sector y la Industria El\u00e9ctrica;\nIgor Gavidia, viceministro de Servicio El\u00e9ctrico; N\u00e9stor Ovalles,\ngerente General de Talento Humano de la Corporaci\u00f3n El\u00e9ctrica\nNacional (Corpoelec), el director Ejecutivo de Fundelec, Carlos\nBorges; Herly Escobar, director General de Participaci\u00f3n del Poder\nPopular, entre otros directivos del Sector El\u00e9ctrico.<\/p>\n\n\n\n<p>\nVivas,\nquien naci\u00f3 el 12 de junio de 1950, se desempe\u00f1\u00f3 como\nvicepresidente de la Uni\u00f3n Interparlamentaria Mundial en 2015, fue\ndiputado a la Asamblea Nacional donde ejerci\u00f3 como vicepresidente,\nen dos oportunidades, as\u00ed como presidente del canal de la Asamblea\nNacional TV (ANTV).<\/p>\n\n\n\n<p> En julio de 2017 fue electo como miembro de la Asamblea Nacional Constituyente por el Distrito Capital y en enero de 2020 fue nombrado Jefe de Gobierno del Distrito Capital. Al momento de su fallecimiento contaba con 70 a\u00f1os de edad.<\/p>\n\n\n\n<p> La viceministra Tania Masea en su mensaje destac\u00f3 la personalidad de Vivas: \u00abNuestro ministro para la Energ\u00eda El\u00e9ctrica (Freddy Brito) y el personal del Sector El\u00e9ctrico, estamos aqu\u00ed dando a Dar\u00edo Vivas ese honor, esa gloria que merece por todo lo que logro, por toda la lucha que libero, es un maestro, y en homenaje a \u00e9l, seguiremos d\u00e1ndole la batalla en todo momento\u00bb.&nbsp;<\/p>\n\n\n\n<p>\n\u201cDar\u00edo,\nt\u00fa vives en nosotros, vives en cada uno de los seres que te\nconocimos, vives en cada una de las instituciones que forjaste y que\nayudaste a que nos moviliz\u00e1ramos para resolver los problemas de todo\nel pueblo caraque\u00f1o y venezolano. Est\u00e1s y contin\u00faas en la lucha,\nest\u00e1s al frente y te vamos a mantener all\u00ed\u00bb, acot\u00f3 Masea.&nbsp;<\/p>\n\n\n\n<p>\nAl\nrespecto de las pr\u00f3ximas elecciones de la Asamblea Nacional, Masea\nresalt\u00f3: \u00abY en la batalla que vamos a ganar el mes de\ndiciembre, t\u00fa est\u00e1s al frente de ella, con el Presidente\nConstitucional de la Rep\u00fablica Bolivariana de Venezuela, Nicol\u00e1s\nMaduro, y, por supuesto, con nuestro comandante Ch\u00e1vez, ahora\nreuni\u00e9ndote con \u00e9l. \u00a1Gracias Dar\u00edo, gracias maestro, por tus\nense\u00f1anzas, por tu vida, por lo que nos dedicaste, por ese ejemplo\nque nos distes y que vamos a seguir!.&nbsp;<\/p>\n\n\n\n<p>\nPrensa\nMPPEE: Gladys Revete&nbsp;<\/p>\n\n\n\n<p>\nFotos\nMPPEE: Davis Soto<\/p>\n\n\n\n<figure class=\"wp-block-image size-large\"><img decoding=\"async\" src=\"http:\/\/10.200.87.50\/mppee\/wp-content\/uploads\/2020\/08\/IMG_9808-1024x597.jpg\" alt=\"\" class=\"wp-image-82553\"\/><figcaption>Rindieron homenaje con la entrega de una ofrenda floral<\/figcaption><\/figure>\n\n\n\n<figure class=\"wp-block-image size-large\"><img decoding=\"async\" src=\"http:\/\/10.200.87.50\/mppee\/wp-content\/uploads\/2020\/08\/IMG_9802-1024x597.jpg\" alt=\"\" class=\"wp-image-82554\"\/><\/figure>\n\n\n\n<figure class=\"wp-block-image size-large\"><img decoding=\"async\" src=\"http:\/\/10.200.87.50\/mppee\/wp-content\/uploads\/2020\/08\/IMG_9786-1024x597.jpg\" alt=\"\" class=\"wp-image-82555\"\/><\/figure>\n\n\n\n<figure class=\"wp-block-image size-large\"><img decoding=\"async\" src=\"http:\/\/10.200.87.50\/mppee\/wp-content\/uploads\/2020\/08\/IMG_9775-1024x597.jpg\" alt=\"\" class=\"wp-image-82556\"\/><\/figure>\n\n\n\n<figure class=\"wp-block-image size-large\"><img decoding=\"async\" src=\"http:\/\/10.200.87.50\/mppee\/wp-content\/uploads\/2020\/08\/IMG_9758-1024x597.jpg\" alt=\"\" class=\"wp-image-82557\"\/><\/figure>\n","protected":false},"excerpt":{"rendered":"<p>Caracas, 18 de agosto de 2020 (Prensa MPPEE).- Desde la Plaza Bol\u00edvar de Caracas, autoridades del Sector El\u00e9ctrico rindieron homenaje<\/p>\n","protected":false},"author":19,"featured_media":0,"comment_status":"open","ping_status":"open","sticky":false,"template":"","format":"standard","meta":{"footnotes":""},"categories":[15],"tags":[11],"class_list":["post-82552","post","type-post","status-publish","format-standard","hentry","category-nacionales","tag-mppee"],"_links":{"self":[{"href":"https:\/\/mppee.gob.ve\/index.php?rest_route=\/wp\/v2\/posts\/82552","targetHints":{"allow":["GET"]}}],"collection":[{"href":"https:\/\/mppee.gob.ve\/index.php?rest_route=\/wp\/v2\/posts"}],"about":[{"href":"https:\/\/mppee.gob.ve\/index.php?rest_route=\/wp\/v2\/types\/post"}],"author":[{"embeddable":true,"href":"https:\/\/mppee.gob.ve\/index.php?rest_route=\/wp\/v2\/users\/19"}],"replies":[{"embeddable":true,"href":"https:\/\/mppee.gob.ve\/index.php?rest_route=%2Fwp%2Fv2%2Fcomments&post=82552"}],"version-history":[{"count":2,"href":"https:\/\/mppee.gob.ve\/index.php?rest_route=\/wp\/v2\/posts\/82552\/revisions"}],"predecessor-version":[{"id":82560,"href":"https:\/\/mppee.gob.ve\/index.php?rest_route=\/wp\/v2\/posts\/82552\/revisions\/82560"}],"wp:attachment":[{"href":"https:\/\/mppee.gob.ve\/index.php?rest_route=%2Fwp%2Fv2%2Fmedia&parent=82552"}],"wp:term":[{"taxonomy":"category","embeddable":true,"href":"https:\/\/mppee.gob.ve\/index.php?rest_route=%2Fwp%2Fv2%2Fcategories&post=82552"},{"taxonomy":"post_tag","embeddable":true,"href":"https:\/\/mppee.gob.ve\/index.php?rest_route=%2Fwp%2Fv2%2Ftags&post=82552"}],"curies":[{"name":"wp","href":"https:\/\/api.w.org\/{rel}","templated":true}]}}