{"id":82652,"date":"2020-10-15T18:46:21","date_gmt":"2020-10-15T18:46:21","guid":{"rendered":"http:\/\/10.200.87.50\/mppee\/?p=82652"},"modified":"2020-10-15T18:46:23","modified_gmt":"2020-10-15T18:46:23","slug":"sector-electrico-participo-en-la-tercera-asamblea-de-la-alianza-solar-internacional-con-la-india","status":"publish","type":"post","link":"https:\/\/mppee.gob.ve\/?p=82652","title":{"rendered":"Sector El\u00e9ctrico particip\u00f3 en la Tercera Asamblea de la Alianza Solar Internacional con la India\u00a0"},"content":{"rendered":"\n<p>\n<strong>Caracas,\n15 de octubre de 2020 (Prensa MPPEE).-<\/strong>\nPor medio de una videoconferencia autoridades del Sector El\u00e9ctrico\nparticiparon, junto a 88 pa\u00edses, en la Tercera Asamblea de la\nAlianza Solar Internacional con la India, ASI, donde se plantearon\npropuestas, temas de la fabricaci\u00f3n de materiales y el uso de las\nenerg\u00edas alternativas con sistema fotovoltaico.<\/p>\n\n\n\n<p>\nEl\nacto se llev\u00f3 a cabo en la sede del Ministerio del Poder Popular\npara la Energ\u00eda El\u00e9ctrica, MPPEE, ubicada en San Bernardino,\nCaracas, al que asistieron por el ente ministerial, Tania Masea,\nviceministra para Nuevas Fuentes y Uso Racional de la Energ\u00eda\nEl\u00e9ctrica; Eliana Galindo, directora General de la Oficina de\nIntegraci\u00f3n y Asuntos Internacionales; Carlos Borges, director\nEjecutivo de la Fundaci\u00f3n para el Desarrollo del Servicio El\u00e9ctrico\n(Fundelec) y Daniel \u00c1lvarez, gerente General de Fuentes Alternas y\nUso Eficiente de la Energ\u00eda de la Corporaci\u00f3n El\u00e9ctrica Nacional,\nCorpoelec.&nbsp;<\/p>\n\n\n\n<p>\nTania\nMasea, manifest\u00f3 que en Venezuela los proyectos de energ\u00eda solar\nson para peque\u00f1as soluciones sostenibles que se puedan llevar a las\ncomunidades para dotarlas de electricidad. <strong>\u00abPor\nejemplo, sistemas de riego, sistemas potabilizadores de agua, dar\nenerg\u00eda a escuelas, ambulatorios, hogares y para industrias como\nrespaldo con la energ\u00eda el\u00e9ctrica\u00bb<\/strong>.&nbsp;<\/p>\n\n\n\n<p>\n<strong>\u00abEn\nel Zulia tenemos un avance muy importante en el Hospital Coromoto,\ndonde ya existe un sistema fotovoltaico, el cual fue instalado por\nPDVSA, y est\u00e1 en funcionamiento, respaldando el sistema de\niluminaci\u00f3n y de archivos en ese centro m\u00e9dico\u00bb<\/strong>,\na\u00f1adi\u00f3 Tania.<\/p>\n\n\n\n<p>\nDijo,\nigualmente, que la importancia con la ASI, es que se podr\u00e1n\nestablecer centros de ense\u00f1anza y capacitaci\u00f3n que estar\u00e1n\ndirigidos por Fundelec y por la Fundaci\u00f3n Luis Zambrano, en el a\u00f1o\n2021. Tambi\u00e9n habr\u00e1 capacitaci\u00f3n internacional, para la\nfabricaci\u00f3n en Venezuela de bater\u00edas. <strong>\u00abEsta\nha sido una de las instrucciones del ministro para la Energ\u00eda\nEl\u00e9ctrica, Freddy Brito, para que no solo compremos un sistema\nfotovoltaico, sino que tambi\u00e9n se pueda fabricar en nuestro pa\u00eds y\nmantenerlo con tecnolog\u00eda nuestra\u00bb<\/strong>.&nbsp;<\/p>\n\n\n\n<p>\nFinalmente,\nexplic\u00f3 que ese organismo <strong>\u00abes\nun espacio que permite declarar cu\u00e1l es la situaci\u00f3n del pa\u00eds y la\nvoluntad que tenemos de continuar desarroll\u00e1ndonos a pesar del\nbloqueo econ\u00f3mico y continuar con las pol\u00edticas de Estado que\nfavorecen a los m\u00e1s despose\u00eddos. La energ\u00eda el\u00e9ctrica tiene que\nllegar a cualquier parte del pa\u00eds y el sistema fotovoltaico es una\nv\u00eda para lograrlo!\u00bb<\/strong>.&nbsp;<\/p>\n\n\n\n<p>\n<strong>Prensa\nMPPEE: Gladys Revete&nbsp;<\/strong><\/p>\n\n\n\n<p>\n<strong>Foto\nPrensa MPPEE: Davis Soto<\/strong><\/p>\n\n\n\n<figure class=\"wp-block-image size-large\"><img decoding=\"async\" src=\"http:\/\/10.200.87.50\/mppee\/wp-content\/uploads\/2020\/10\/IMG_0596-1024x597.jpg\" alt=\"\" class=\"wp-image-82653\"\/><\/figure>\n\n\n\n<figure class=\"wp-block-image size-large\"><img decoding=\"async\" src=\"http:\/\/10.200.87.50\/mppee\/wp-content\/uploads\/2020\/10\/IMG_0581-1024x597.jpg\" alt=\"\" class=\"wp-image-82654\"\/><\/figure>\n\n\n\n<figure class=\"wp-block-image size-large\"><img decoding=\"async\" src=\"http:\/\/10.200.87.50\/mppee\/wp-content\/uploads\/2020\/10\/IMG_0548-1024x597.jpg\" alt=\"\" class=\"wp-image-82655\"\/><\/figure>\n\n\n\n<figure class=\"wp-block-image size-large\"><img decoding=\"async\" src=\"http:\/\/10.200.87.50\/mppee\/wp-content\/uploads\/2020\/10\/IMG_0513-1024x597.jpg\" alt=\"\" class=\"wp-image-82656\"\/><\/figure>\n","protected":false},"excerpt":{"rendered":"<p>Caracas, 15 de octubre de 2020 (Prensa MPPEE).- Por medio de una videoconferencia autoridades del Sector El\u00e9ctrico participaron, junto a<\/p>\n","protected":false},"author":19,"featured_media":0,"comment_status":"open","ping_status":"open","sticky":false,"template":"","format":"standard","meta":{"footnotes":""},"categories":[15],"tags":[11],"class_list":["post-82652","post","type-post","status-publish","format-standard","hentry","category-nacionales","tag-mppee"],"_links":{"self":[{"href":"https:\/\/mppee.gob.ve\/index.php?rest_route=\/wp\/v2\/posts\/82652","targetHints":{"allow":["GET"]}}],"collection":[{"href":"https:\/\/mppee.gob.ve\/index.php?rest_route=\/wp\/v2\/posts"}],"about":[{"href":"https:\/\/mppee.gob.ve\/index.php?rest_route=\/wp\/v2\/types\/post"}],"author":[{"embeddable":true,"href":"https:\/\/mppee.gob.ve\/index.php?rest_route=\/wp\/v2\/users\/19"}],"replies":[{"embeddable":true,"href":"https:\/\/mppee.gob.ve\/index.php?rest_route=%2Fwp%2Fv2%2Fcomments&post=82652"}],"version-history":[{"count":1,"href":"https:\/\/mppee.gob.ve\/index.php?rest_route=\/wp\/v2\/posts\/82652\/revisions"}],"predecessor-version":[{"id":82657,"href":"https:\/\/mppee.gob.ve\/index.php?rest_route=\/wp\/v2\/posts\/82652\/revisions\/82657"}],"wp:attachment":[{"href":"https:\/\/mppee.gob.ve\/index.php?rest_route=%2Fwp%2Fv2%2Fmedia&parent=82652"}],"wp:term":[{"taxonomy":"category","embeddable":true,"href":"https:\/\/mppee.gob.ve\/index.php?rest_route=%2Fwp%2Fv2%2Fcategories&post=82652"},{"taxonomy":"post_tag","embeddable":true,"href":"https:\/\/mppee.gob.ve\/index.php?rest_route=%2Fwp%2Fv2%2Ftags&post=82652"}],"curies":[{"name":"wp","href":"https:\/\/api.w.org\/{rel}","templated":true}]}}