{"id":82679,"date":"2020-10-24T20:00:47","date_gmt":"2020-10-24T20:00:47","guid":{"rendered":"http:\/\/10.200.87.50\/mppee\/?p=82679"},"modified":"2020-10-24T20:33:39","modified_gmt":"2020-10-24T20:33:39","slug":"juramentan-cuadrillas-defensoras-de-la-paz-del-sector-electrico","status":"publish","type":"post","link":"https:\/\/mppee.gob.ve\/?p=82679","title":{"rendered":"Juramentan Cuadrillas Defensoras de la Paz del Sector El\u00e9ctrico"},"content":{"rendered":"\n<p><strong>Caracas,\n24 de octubre de 2020 (Prensa MPPEE).- <\/strong>Este\ns\u00e1bado, en el Pante\u00f3n Nacional de Venezuela, parroquia Altagracia\nde Caracas, se realiz\u00f3 el acto de juramentaci\u00f3n de las trabajadoras\ny trabajadores del Sector El\u00e9ctrico como Cuadrillas Defensoras de la\nPaz (CUPAZ), para garantizar la seguridad de los servicios p\u00fablicos\nen las pr\u00f3ximas elecciones del 6 de diciembre. \n<\/p>\n\n\n\n<p>El\nacto fue presidido por Tania D\u00edaz, constituyentista y primera\nvicepresidenta de la ANC; la alcaldesa de Caracas, Erika Far\u00edas;\nCarlos Carre\u00f1o, constituyentista a la Asamblea Nacional\nConstituyente y diputado a la ANC, as\u00ed como tambi\u00e9n autoridades de\nlas diferentes dependencias del Estado.<\/p>\n\n\n\n<p>Estas\ncuadrillas est\u00e1n conformadas por integrantes de los diferentes\nministerios, instituciones, organizaciones sociales, colectivos,\nMilicia Bolivariana, Guardia del Pueblo, militantes del PSUV, entre\notros, las cuales se encuentran adiestradas para preservar la paz y\ndefender la soberan\u00eda.<\/p>\n\n\n\n<p>Tania\nMasea, viceministra para Nuevas Fuentes y Uso Racional de la Energ\u00eda\nEl\u00e9ctrica, manifest\u00f3 que el MPPEE con todos sus entes adscritos se\nencuentran presentes y dispuestos a garantizar la seguridad del\nSistema El\u00e9ctrico Nacional (SEN) de cara a los comicios\nparlamentarios del 6D. <strong>\u00abSomos\nlas cuadrillas que, desde este momento, estaremos al frente de la\ndefensa del SEN, en nuestra instituci\u00f3n y todas las instituciones\ndel Estado\u00bb.<\/strong><\/p>\n\n\n\n<figure class=\"wp-block-image size-large\"><img decoding=\"async\" src=\"http:\/\/10.200.87.50\/mppee\/wp-content\/uploads\/2020\/10\/IMG_0643-1024x597.jpg\" alt=\"\" class=\"wp-image-82682\"\/><\/figure>\n\n\n\n<p>Asimismo, Jos\u00e9 Luis Betancourt, presidente de la Corporaci\u00f3n El\u00e9ctrica Nacional, Corpoelec, se\u00f1al\u00f3: <strong>\u00abNos encontramos aqu\u00ed con una serie de compatriotas y camaradas dispuestos a defender nuestro Sector El\u00e9ctrico, manteniendo la garant\u00eda, confiabilidad, disponibilidad, ante cualquier situaci\u00f3n que se pueda presentar este 6D\u00bb.<\/strong><\/p>\n\n\n\n<figure class=\"wp-block-image size-large\"><img decoding=\"async\" src=\"http:\/\/10.200.87.50\/mppee\/wp-content\/uploads\/2020\/10\/IMG_0653-1024x597.jpg\" alt=\"\" class=\"wp-image-82683\"\/><\/figure>\n\n\n\n<p>Finalmente, la vicepresidenta de la Comisi\u00f3n Permanente de Trabajadores y Trabajadoras de la Asamblea Nacional Constituyente, Mercedes Guti\u00e9rrez, asegur\u00f3 <strong>que en el Sector El\u00e9ctrico se han ido organizando a las trabajadoras y trabajadores a nivel nacional como CUPAZ.<\/strong><\/p>\n\n\n\n<figure class=\"wp-block-image size-large\"><img decoding=\"async\" src=\"http:\/\/10.200.87.50\/mppee\/wp-content\/uploads\/2020\/10\/IMG_0634-1024x597.jpg\" alt=\"\" class=\"wp-image-82684\"\/><\/figure>\n\n\n\n<p class=\"has-text-align-center\"><strong>Galer\u00eda de im\u00e1genes <\/strong><\/p>\n\n\n\n<figure class=\"wp-block-image size-large\"><img decoding=\"async\" src=\"http:\/\/10.200.87.50\/mppee\/wp-content\/uploads\/2020\/10\/IMG_0721-1024x597.jpg\" alt=\"\" class=\"wp-image-82680\"\/><\/figure>\n\n\n\n<figure class=\"wp-block-image size-large\"><img decoding=\"async\" src=\"http:\/\/10.200.87.50\/mppee\/wp-content\/uploads\/2020\/10\/IMG_0618-1024x597.jpg\" alt=\"\" class=\"wp-image-82681\"\/><\/figure>\n\n\n\n<p><strong>Prensa\nMPPEE: Gladys Revete<\/strong><\/p>\n\n\n\n<p><strong>Fotos\nMPPEE: Davis Soto<\/strong><\/p>\n","protected":false},"excerpt":{"rendered":"<p>Caracas, 24 de octubre de 2020 (Prensa MPPEE).- Este s\u00e1bado, en el Pante\u00f3n Nacional de Venezuela, parroquia Altagracia de Caracas,<\/p>\n","protected":false},"author":19,"featured_media":0,"comment_status":"open","ping_status":"open","sticky":false,"template":"","format":"standard","meta":{"footnotes":""},"categories":[15],"tags":[11],"class_list":["post-82679","post","type-post","status-publish","format-standard","hentry","category-nacionales","tag-mppee"],"_links":{"self":[{"href":"https:\/\/mppee.gob.ve\/index.php?rest_route=\/wp\/v2\/posts\/82679","targetHints":{"allow":["GET"]}}],"collection":[{"href":"https:\/\/mppee.gob.ve\/index.php?rest_route=\/wp\/v2\/posts"}],"about":[{"href":"https:\/\/mppee.gob.ve\/index.php?rest_route=\/wp\/v2\/types\/post"}],"author":[{"embeddable":true,"href":"https:\/\/mppee.gob.ve\/index.php?rest_route=\/wp\/v2\/users\/19"}],"replies":[{"embeddable":true,"href":"https:\/\/mppee.gob.ve\/index.php?rest_route=%2Fwp%2Fv2%2Fcomments&post=82679"}],"version-history":[{"count":2,"href":"https:\/\/mppee.gob.ve\/index.php?rest_route=\/wp\/v2\/posts\/82679\/revisions"}],"predecessor-version":[{"id":82690,"href":"https:\/\/mppee.gob.ve\/index.php?rest_route=\/wp\/v2\/posts\/82679\/revisions\/82690"}],"wp:attachment":[{"href":"https:\/\/mppee.gob.ve\/index.php?rest_route=%2Fwp%2Fv2%2Fmedia&parent=82679"}],"wp:term":[{"taxonomy":"category","embeddable":true,"href":"https:\/\/mppee.gob.ve\/index.php?rest_route=%2Fwp%2Fv2%2Fcategories&post=82679"},{"taxonomy":"post_tag","embeddable":true,"href":"https:\/\/mppee.gob.ve\/index.php?rest_route=%2Fwp%2Fv2%2Ftags&post=82679"}],"curies":[{"name":"wp","href":"https:\/\/api.w.org\/{rel}","templated":true}]}}