{"id":82701,"date":"2020-10-26T18:23:49","date_gmt":"2020-10-26T18:23:49","guid":{"rendered":"http:\/\/10.200.87.50\/mppee\/?p=82701"},"modified":"2020-11-02T17:31:12","modified_gmt":"2020-11-02T17:31:12","slug":"nestor-reverol-torres-es-designado-nuevo-ministro-de-energia-electrica","status":"publish","type":"post","link":"https:\/\/mppee.gob.ve\/?p=82701","title":{"rendered":"N\u00e9stor Reverol Torres es designado nuevo ministro de Energ\u00eda El\u00e9ctrica"},"content":{"rendered":"<p style=\"text-align: justify;\"><strong>Caracas, 26 de octubre de 2020 (Prensa MPPEE).-<\/strong> El Presidente de la Rep\u00fablica Bolivariana de Venezuela, Nicol\u00e1s Maduro, design\u00f3 al General en Jefe (G\/J), N\u00e9stor \u00a0Reverol Torres, como nuevo Ministro del Poder Popular para la Energ\u00eda El\u00e9ctrica.<\/p>\n<p style=\"text-align: justify;\">Al respecto, el Presidente Maduro se\u00f1al\u00f3 que el nombramiento se realiza con el fin de seguir<strong> \u201cavanzando en el fortalecimiento de Corpoelec\u201d<\/strong>, as\u00ed como <strong>\u201cvencer la guerra contra el G4RP que ha saboteado el sistema el\u00e9ctrico, junto al imperialismo durante estos \u00faltimos a\u00f1os (2019-2020), y seguir haciendo las inversiones y recuperaciones\u201d.<\/strong><\/p>\n<p style=\"text-align: justify;\">Por otra parte, el Primer Mandatario, recalc\u00f3 que el General Reverol es un <strong>\u201cconocedor, estudioso y experto en el tema y quien viene ejerciendo la vicepresidencia de Gobierno para los Servicios P\u00fablicos\u2026 Creo que lleg\u00f3 el momento de que se pusiera al frente del Ministerio de Energ\u00eda El\u00e9ctrica con toda su experiencia\u201d.<\/strong><\/p>\n<p style=\"text-align: justify;\">Asimismo, el Jefe de Estado agradeci\u00f3 al G\/J N\u00e9stor Reverol por su dedicaci\u00f3n durante cuatro a\u00f1os (2016-2020) ante el Ministerio del Poder Popular para las Relaciones Interiores Justicia y Paz donde contribuy\u00f3 con la construcci\u00f3n del Sistema de Cuadrantes de Paz.<\/p>\n<p style=\"text-align: justify;\">El General Reverol continuar\u00e1 como Vicepresidente Sectorial de Obras P\u00fablicas y Servicios, VPSOPS.<\/p>\n<p style=\"text-align: justify;\"><strong>G\/J N\u00e9stor Reverol<\/strong><\/p>\n<p style=\"text-align: justify;\">N\u00e9stor Luis Reverol Torres, naci\u00f3 en Maracaibo, estado Zulia, el 28 de octubre de 1964. Curs\u00f3 sus estudios en la Academia Militar de la Guardia Nacional Bolivariana, adscrita a la Universidad Militar Bolivariana de Venezuela, obteniendo el t\u00edtulo de Licenciado en Ciencias y Artes Militares.<\/p>\n<p style=\"text-align: justify;\">Fue director de la Oficina Nacional Antidrogas (ONA) en el 2009<\/p>\n<p style=\"text-align: justify;\">El 13 de octubre del 2012, el comandante Hugo Ch\u00e1vez lo designa Ministro del Poder Popular para Relaciones Interiores y Justicia. Ejerci\u00f3 el cargo hasta el 21 de abril de 2013.<\/p>\n<p style=\"text-align: justify;\">Estuvo a cargo del Viceministerio de Prevenci\u00f3n y Seguridad Ciudadana.<\/p>\n<p style=\"text-align: justify;\">En mayo de 2014 asumi\u00f3 la subdirecci\u00f3n del Servicio Bolivariano de Inteligencia Nacional (Sebin).<\/p>\n<p style=\"text-align: justify;\">Se desempe\u00f1\u00f3 como Comandante General de la Guardia Nacional Bolivariana desde el 27 de octubre de 2014 hasta el 7 de julio de 2016.<\/p>\n<p style=\"text-align: justify;\">El 2 de agosto de 2016 es designado, nuevamente, como Ministro del Poder Popular para Relaciones Interiores, Justicia y Paz, cargo que desempe\u00f1a hasta octubre de 2020.<\/p>\n<p style=\"text-align: justify;\"><strong>Prensa MPPEE: Patricia Vielma<\/strong><\/p>\n","protected":false},"excerpt":{"rendered":"<p>Caracas, 26 de octubre de 2020 (Prensa MPPEE).- El Presidente de la Rep\u00fablica Bolivariana de Venezuela, Nicol\u00e1s Maduro, design\u00f3 al<\/p>\n","protected":false},"author":12,"featured_media":82702,"comment_status":"open","ping_status":"open","sticky":false,"template":"","format":"standard","meta":{"footnotes":""},"categories":[15],"tags":[11],"class_list":["post-82701","post","type-post","status-publish","format-standard","has-post-thumbnail","hentry","category-nacionales","tag-mppee"],"_links":{"self":[{"href":"https:\/\/mppee.gob.ve\/index.php?rest_route=\/wp\/v2\/posts\/82701","targetHints":{"allow":["GET"]}}],"collection":[{"href":"https:\/\/mppee.gob.ve\/index.php?rest_route=\/wp\/v2\/posts"}],"about":[{"href":"https:\/\/mppee.gob.ve\/index.php?rest_route=\/wp\/v2\/types\/post"}],"author":[{"embeddable":true,"href":"https:\/\/mppee.gob.ve\/index.php?rest_route=\/wp\/v2\/users\/12"}],"replies":[{"embeddable":true,"href":"https:\/\/mppee.gob.ve\/index.php?rest_route=%2Fwp%2Fv2%2Fcomments&post=82701"}],"version-history":[{"count":2,"href":"https:\/\/mppee.gob.ve\/index.php?rest_route=\/wp\/v2\/posts\/82701\/revisions"}],"predecessor-version":[{"id":82719,"href":"https:\/\/mppee.gob.ve\/index.php?rest_route=\/wp\/v2\/posts\/82701\/revisions\/82719"}],"wp:featuredmedia":[{"embeddable":true,"href":"https:\/\/mppee.gob.ve\/index.php?rest_route=\/wp\/v2\/media\/82702"}],"wp:attachment":[{"href":"https:\/\/mppee.gob.ve\/index.php?rest_route=%2Fwp%2Fv2%2Fmedia&parent=82701"}],"wp:term":[{"taxonomy":"category","embeddable":true,"href":"https:\/\/mppee.gob.ve\/index.php?rest_route=%2Fwp%2Fv2%2Fcategories&post=82701"},{"taxonomy":"post_tag","embeddable":true,"href":"https:\/\/mppee.gob.ve\/index.php?rest_route=%2Fwp%2Fv2%2Ftags&post=82701"}],"curies":[{"name":"wp","href":"https:\/\/api.w.org\/{rel}","templated":true}]}}