{"id":82722,"date":"2020-11-02T20:12:00","date_gmt":"2020-11-02T20:12:00","guid":{"rendered":"http:\/\/10.200.87.50\/mppee\/?p=82722"},"modified":"2020-11-02T20:19:24","modified_gmt":"2020-11-02T20:19:24","slug":"ministro-reverol-iniciamos-el-plan-remate-2020","status":"publish","type":"post","link":"https:\/\/mppee.gob.ve\/?p=82722","title":{"rendered":"Ministro Reverol: Iniciamos el Plan Remate 2020"},"content":{"rendered":"<p align=\"justify\"><b>Caracas, 2 de noviembre de 2020 (Prensa MPPEE).-<\/b>El Ministro del Poder Popular para la Energ\u00eda El\u00e9ctrica G\/J N\u00e9stor Reverol, encabez\u00f3 este lunes reuni\u00f3n extraordinaria de trabajo con los ministros integrantes de la Vicepresidencia Sectorial de Obras P\u00fablicas y Servicios.<\/p>\n<p align=\"justify\">\u201c<b>Por instrucciones de nuestro Pdte. Nicol\u00e1s Maduro, sostuvimos una reuni\u00f3n con los ministros que integran la Vicepresidencia Sectorial de Obras P\u00fablicas y Servicios, para evaluar la situaci\u00f3n actual de los diferentes servicios p\u00fablicos y establecer las medidas a corto plazo que permitan estabilizar los sistemas\u201d<\/b>, anunci\u00f3 el tambi\u00e9n vicepresidente sectorial de Obras P\u00fablicas y Servicios a trav\u00e9s de su cuenta oficial en Instagram @ReverolNestor.<\/p>\n<p align=\"justify\">\u201c<b>Tambi\u00e9n se realiz\u00f3 un diagn\u00f3stico de la situaci\u00f3n el\u00e9ctrica en las \u00e1reas de generaci\u00f3n, transmisi\u00f3n y distribuci\u00f3n, as\u00ed como el suministro de gas dom\u00e9stico y la operatividad y abastecimiento del sistema h\u00eddrico del pa\u00eds\u201d<\/b>, agreg\u00f3.<\/p>\n<p align=\"justify\">Finalmente el ministro Reverol anunci\u00f3 que esto es parte del Plan Remate 2020 y que se est\u00e1n preparando las l\u00edneas estrat\u00e9gicas del pr\u00f3ximo a\u00f1o.<\/p>\n<p><b>Prensa MPPEE: Jeimy Avenda\u00f1o<\/b><\/p>\n<p><b>Fotos: Cortes\u00eda<\/b><\/p>\n\n","protected":false},"excerpt":{"rendered":"<p>Caracas, 2 de noviembre de 2020 (Prensa MPPEE).-El Ministro del Poder Popular para la Energ\u00eda El\u00e9ctrica G\/J N\u00e9stor Reverol, encabez\u00f3<\/p>\n","protected":false},"author":19,"featured_media":82724,"comment_status":"open","ping_status":"open","sticky":false,"template":"","format":"standard","meta":{"footnotes":""},"categories":[1,15],"tags":[11],"class_list":["post-82722","post","type-post","status-publish","format-standard","has-post-thumbnail","hentry","category-mppee","category-nacionales","tag-mppee"],"_links":{"self":[{"href":"https:\/\/mppee.gob.ve\/index.php?rest_route=\/wp\/v2\/posts\/82722","targetHints":{"allow":["GET"]}}],"collection":[{"href":"https:\/\/mppee.gob.ve\/index.php?rest_route=\/wp\/v2\/posts"}],"about":[{"href":"https:\/\/mppee.gob.ve\/index.php?rest_route=\/wp\/v2\/types\/post"}],"author":[{"embeddable":true,"href":"https:\/\/mppee.gob.ve\/index.php?rest_route=\/wp\/v2\/users\/19"}],"replies":[{"embeddable":true,"href":"https:\/\/mppee.gob.ve\/index.php?rest_route=%2Fwp%2Fv2%2Fcomments&post=82722"}],"version-history":[{"count":1,"href":"https:\/\/mppee.gob.ve\/index.php?rest_route=\/wp\/v2\/posts\/82722\/revisions"}],"predecessor-version":[{"id":82725,"href":"https:\/\/mppee.gob.ve\/index.php?rest_route=\/wp\/v2\/posts\/82722\/revisions\/82725"}],"wp:featuredmedia":[{"embeddable":true,"href":"https:\/\/mppee.gob.ve\/index.php?rest_route=\/wp\/v2\/media\/82724"}],"wp:attachment":[{"href":"https:\/\/mppee.gob.ve\/index.php?rest_route=%2Fwp%2Fv2%2Fmedia&parent=82722"}],"wp:term":[{"taxonomy":"category","embeddable":true,"href":"https:\/\/mppee.gob.ve\/index.php?rest_route=%2Fwp%2Fv2%2Fcategories&post=82722"},{"taxonomy":"post_tag","embeddable":true,"href":"https:\/\/mppee.gob.ve\/index.php?rest_route=%2Fwp%2Fv2%2Ftags&post=82722"}],"curies":[{"name":"wp","href":"https:\/\/api.w.org\/{rel}","templated":true}]}}