{"id":82773,"date":"2020-11-10T13:46:27","date_gmt":"2020-11-10T13:46:27","guid":{"rendered":"http:\/\/10.200.87.50\/mppee\/?p=82773"},"modified":"2020-11-10T13:46:29","modified_gmt":"2020-11-10T13:46:29","slug":"debatiran-vertices-de-gestion-electrica-para-el-desarrollo-de-los-procesos-y-gerencias-de-corpoelec","status":"publish","type":"post","link":"https:\/\/mppee.gob.ve\/?p=82773","title":{"rendered":"Debatir\u00e1n v\u00e9rtices de gesti\u00f3n el\u00e9ctrica para el desarrollo de los procesos y gerencias de Corpoelec"},"content":{"rendered":"<p style=\"text-align: justify;\"><img loading=\"lazy\" decoding=\"async\" class=\"size-medium wp-image-82782 alignleft\" src=\"http:\/\/10.200.87.50\/mppee\/wp-content\/uploads\/2020\/11\/WhatsApp-Image-2020-11-10-at-9.38.25-AM1-300x200.jpeg\" alt=\"\" width=\"300\" height=\"200\" srcset=\"https:\/\/mppee.gob.ve\/wp-content\/uploads\/2020\/11\/WhatsApp-Image-2020-11-10-at-9.38.25-AM1-300x200.jpeg 300w, https:\/\/mppee.gob.ve\/wp-content\/uploads\/2020\/11\/WhatsApp-Image-2020-11-10-at-9.38.25-AM1-768x512.jpeg 768w, https:\/\/mppee.gob.ve\/wp-content\/uploads\/2020\/11\/WhatsApp-Image-2020-11-10-at-9.38.25-AM1.jpeg 912w\" sizes=\"auto, (max-width: 300px) 100vw, 300px\" \/>Como parte de los planes de fortalecimiento del Sistema El\u00e9ctrico Nacional, el ministro del Poder Popular para la Energ\u00eda El\u00e9ctrica, G\/J N\u00e9stor Reverol, anunci\u00f3 que debatir\u00e1n los v\u00e9rtices de gesti\u00f3n que permitir\u00e1 el desarrollo de todos los procesos y gerencias de la Corporaci\u00f3n El\u00e9ctrica Nacional, S.A. (Corpoelec).<\/p>\n<p style=\"text-align: justify;\">\nLa informaci\u00f3n la dio a conocer a trav\u00e9s de su cuenta en la red social Instagram @ReverolNestor, tras realizar una visita al Centro Nacional de Despacho (CND), ubicado en El M\u00e1rques, municipio Sucre del estado Miranda, junto a los gerentes generales de este despacho, con el fin de elaborar un diagn\u00f3stico que permitir\u00e1 el desarrollo de todos los procesos.<br \/>\nEl ministro Reverol destac\u00f3 que se revisaron los procesos de comercializaci\u00f3n para garantizar un servicio adecuado a las necesidades del pueblo venezolano y de la realidad econ\u00f3mica de la naci\u00f3n.<\/p>\n<p style=\"text-align: justify;\">\n<img loading=\"lazy\" decoding=\"async\" class=\"size-medium wp-image-82778 alignright\" src=\"http:\/\/10.200.87.50\/mppee\/wp-content\/uploads\/2020\/11\/WhatsApp-Image-2020-11-10-at-9.38.26-AM3-300x184.jpeg\" alt=\"\" width=\"300\" height=\"184\" srcset=\"https:\/\/mppee.gob.ve\/wp-content\/uploads\/2020\/11\/WhatsApp-Image-2020-11-10-at-9.38.26-AM3-300x184.jpeg 300w, https:\/\/mppee.gob.ve\/wp-content\/uploads\/2020\/11\/WhatsApp-Image-2020-11-10-at-9.38.26-AM3-1024x627.jpeg 1024w, https:\/\/mppee.gob.ve\/wp-content\/uploads\/2020\/11\/WhatsApp-Image-2020-11-10-at-9.38.26-AM3-768x470.jpeg 768w, https:\/\/mppee.gob.ve\/wp-content\/uploads\/2020\/11\/WhatsApp-Image-2020-11-10-at-9.38.26-AM3.jpeg 1080w\" sizes=\"auto, (max-width: 300px) 100vw, 300px\" \/>\u201cAcordamos iniciar un plan de bienestar social para los trabajadores, en el que se priorice la atenci\u00f3n en materia de salud, alimentaci\u00f3n y dem\u00e1s beneficios socioecon\u00f3micos, que brindar\u00e1 a toda la familia del Sistema El\u00e9ctrico Nacional la mayor suma de felicidad posible\u201d, a\u00f1adi\u00f3 el General en Jefe.<\/p>\n<p style=\"text-align: justify;\">\nAsimismo, dijo que se buscan desarrollar diversos proyectos de captaci\u00f3n y formaci\u00f3n que fortalecer\u00e1 el talento humano, para que la juventud asuma su papel en la construcci\u00f3n de un Sistema El\u00e9ctrico Nacional mejorado. \u201cVamos hacia una reestructuraci\u00f3n del Ministerio del Poder Popular para la Energ\u00eda El\u00e9ctrica, con el firme prop\u00f3sito de convertir todas las ideas en proyectos que protejan a la poblaci\u00f3n y fomenten el desarrollo econ\u00f3mico nacional\u201d.<\/p>\n<p style=\"text-align: justify;\">\nR: Blanca Ochoa No\u00e9 \/ Prensa Corpoelec<br \/>\nF: Juan Ter\u00e1n \/ Prensa Mppee<\/p>\n<p><img loading=\"lazy\" decoding=\"async\" class=\"aligncenter wp-image-82783 size-full\" src=\"http:\/\/10.200.87.50\/mppee\/wp-content\/uploads\/2020\/11\/WhatsApp-Image-2020-11-10-at-9.38.25-AM.jpeg\" alt=\"\" width=\"1080\" height=\"813\" srcset=\"https:\/\/mppee.gob.ve\/wp-content\/uploads\/2020\/11\/WhatsApp-Image-2020-11-10-at-9.38.25-AM.jpeg 1080w, https:\/\/mppee.gob.ve\/wp-content\/uploads\/2020\/11\/WhatsApp-Image-2020-11-10-at-9.38.25-AM-300x226.jpeg 300w, https:\/\/mppee.gob.ve\/wp-content\/uploads\/2020\/11\/WhatsApp-Image-2020-11-10-at-9.38.25-AM-1024x771.jpeg 1024w, https:\/\/mppee.gob.ve\/wp-content\/uploads\/2020\/11\/WhatsApp-Image-2020-11-10-at-9.38.25-AM-768x578.jpeg 768w\" sizes=\"auto, (max-width: 1080px) 100vw, 1080px\" \/> <img loading=\"lazy\" decoding=\"async\" class=\"alignnone wp-image-82777 size-full\" src=\"http:\/\/10.200.87.50\/mppee\/wp-content\/uploads\/2020\/11\/WhatsApp-Image-2020-11-10-at-9.38.27-AM.jpeg\" alt=\"\" width=\"1080\" height=\"702\" srcset=\"https:\/\/mppee.gob.ve\/wp-content\/uploads\/2020\/11\/WhatsApp-Image-2020-11-10-at-9.38.27-AM.jpeg 1080w, https:\/\/mppee.gob.ve\/wp-content\/uploads\/2020\/11\/WhatsApp-Image-2020-11-10-at-9.38.27-AM-300x195.jpeg 300w, https:\/\/mppee.gob.ve\/wp-content\/uploads\/2020\/11\/WhatsApp-Image-2020-11-10-at-9.38.27-AM-1024x666.jpeg 1024w, https:\/\/mppee.gob.ve\/wp-content\/uploads\/2020\/11\/WhatsApp-Image-2020-11-10-at-9.38.27-AM-768x499.jpeg 768w\" sizes=\"auto, (max-width: 1080px) 100vw, 1080px\" \/> <img loading=\"lazy\" decoding=\"async\" class=\"alignnone wp-image-82776 size-full\" src=\"http:\/\/10.200.87.50\/mppee\/wp-content\/uploads\/2020\/11\/WhatsApp-Image-2020-11-10-at-9.38.27-AM1.jpeg\" alt=\"\" width=\"912\" height=\"608\" srcset=\"https:\/\/mppee.gob.ve\/wp-content\/uploads\/2020\/11\/WhatsApp-Image-2020-11-10-at-9.38.27-AM1.jpeg 912w, https:\/\/mppee.gob.ve\/wp-content\/uploads\/2020\/11\/WhatsApp-Image-2020-11-10-at-9.38.27-AM1-300x200.jpeg 300w, https:\/\/mppee.gob.ve\/wp-content\/uploads\/2020\/11\/WhatsApp-Image-2020-11-10-at-9.38.27-AM1-768x512.jpeg 768w\" sizes=\"auto, (max-width: 912px) 100vw, 912px\" \/> <img loading=\"lazy\" decoding=\"async\" class=\"alignnone wp-image-82775 size-full\" src=\"http:\/\/10.200.87.50\/mppee\/wp-content\/uploads\/2020\/11\/WhatsApp-Image-2020-11-10-at-9.38.27-AM2.jpeg\" alt=\"\" width=\"912\" height=\"608\" srcset=\"https:\/\/mppee.gob.ve\/wp-content\/uploads\/2020\/11\/WhatsApp-Image-2020-11-10-at-9.38.27-AM2.jpeg 912w, https:\/\/mppee.gob.ve\/wp-content\/uploads\/2020\/11\/WhatsApp-Image-2020-11-10-at-9.38.27-AM2-300x200.jpeg 300w, https:\/\/mppee.gob.ve\/wp-content\/uploads\/2020\/11\/WhatsApp-Image-2020-11-10-at-9.38.27-AM2-768x512.jpeg 768w\" sizes=\"auto, (max-width: 912px) 100vw, 912px\" \/> <img loading=\"lazy\" decoding=\"async\" class=\"alignnone wp-image-82774 size-full\" src=\"http:\/\/10.200.87.50\/mppee\/wp-content\/uploads\/2020\/11\/WhatsApp-Image-2020-11-10-at-9.38.27-AM3.jpeg\" alt=\"\" width=\"1080\" height=\"578\" srcset=\"https:\/\/mppee.gob.ve\/wp-content\/uploads\/2020\/11\/WhatsApp-Image-2020-11-10-at-9.38.27-AM3.jpeg 1080w, https:\/\/mppee.gob.ve\/wp-content\/uploads\/2020\/11\/WhatsApp-Image-2020-11-10-at-9.38.27-AM3-300x161.jpeg 300w, https:\/\/mppee.gob.ve\/wp-content\/uploads\/2020\/11\/WhatsApp-Image-2020-11-10-at-9.38.27-AM3-1024x548.jpeg 1024w, https:\/\/mppee.gob.ve\/wp-content\/uploads\/2020\/11\/WhatsApp-Image-2020-11-10-at-9.38.27-AM3-768x411.jpeg 768w\" sizes=\"auto, (max-width: 1080px) 100vw, 1080px\" \/> <img loading=\"lazy\" decoding=\"async\" class=\"alignnone wp-image-82779 size-full\" src=\"http:\/\/10.200.87.50\/mppee\/wp-content\/uploads\/2020\/11\/WhatsApp-Image-2020-11-10-at-9.38.26-AM2.jpeg\" alt=\"\" width=\"912\" height=\"608\" srcset=\"https:\/\/mppee.gob.ve\/wp-content\/uploads\/2020\/11\/WhatsApp-Image-2020-11-10-at-9.38.26-AM2.jpeg 912w, https:\/\/mppee.gob.ve\/wp-content\/uploads\/2020\/11\/WhatsApp-Image-2020-11-10-at-9.38.26-AM2-300x200.jpeg 300w, https:\/\/mppee.gob.ve\/wp-content\/uploads\/2020\/11\/WhatsApp-Image-2020-11-10-at-9.38.26-AM2-768x512.jpeg 768w\" sizes=\"auto, (max-width: 912px) 100vw, 912px\" \/><\/p>\n","protected":false},"excerpt":{"rendered":"<p>Como parte de los planes de fortalecimiento del Sistema El\u00e9ctrico Nacional, el ministro del Poder Popular para la Energ\u00eda El\u00e9ctrica,<\/p>\n","protected":false},"author":12,"featured_media":82780,"comment_status":"open","ping_status":"open","sticky":false,"template":"","format":"standard","meta":{"footnotes":""},"categories":[15],"tags":[11],"class_list":["post-82773","post","type-post","status-publish","format-standard","has-post-thumbnail","hentry","category-nacionales","tag-mppee"],"_links":{"self":[{"href":"https:\/\/mppee.gob.ve\/index.php?rest_route=\/wp\/v2\/posts\/82773","targetHints":{"allow":["GET"]}}],"collection":[{"href":"https:\/\/mppee.gob.ve\/index.php?rest_route=\/wp\/v2\/posts"}],"about":[{"href":"https:\/\/mppee.gob.ve\/index.php?rest_route=\/wp\/v2\/types\/post"}],"author":[{"embeddable":true,"href":"https:\/\/mppee.gob.ve\/index.php?rest_route=\/wp\/v2\/users\/12"}],"replies":[{"embeddable":true,"href":"https:\/\/mppee.gob.ve\/index.php?rest_route=%2Fwp%2Fv2%2Fcomments&post=82773"}],"version-history":[{"count":1,"href":"https:\/\/mppee.gob.ve\/index.php?rest_route=\/wp\/v2\/posts\/82773\/revisions"}],"predecessor-version":[{"id":82784,"href":"https:\/\/mppee.gob.ve\/index.php?rest_route=\/wp\/v2\/posts\/82773\/revisions\/82784"}],"wp:featuredmedia":[{"embeddable":true,"href":"https:\/\/mppee.gob.ve\/index.php?rest_route=\/wp\/v2\/media\/82780"}],"wp:attachment":[{"href":"https:\/\/mppee.gob.ve\/index.php?rest_route=%2Fwp%2Fv2%2Fmedia&parent=82773"}],"wp:term":[{"taxonomy":"category","embeddable":true,"href":"https:\/\/mppee.gob.ve\/index.php?rest_route=%2Fwp%2Fv2%2Fcategories&post=82773"},{"taxonomy":"post_tag","embeddable":true,"href":"https:\/\/mppee.gob.ve\/index.php?rest_route=%2Fwp%2Fv2%2Ftags&post=82773"}],"curies":[{"name":"wp","href":"https:\/\/api.w.org\/{rel}","templated":true}]}}