{"id":82787,"date":"2020-11-10T19:24:00","date_gmt":"2020-11-10T19:24:00","guid":{"rendered":"http:\/\/10.200.87.50\/mppee\/?p=82787"},"modified":"2020-11-11T19:34:27","modified_gmt":"2020-11-11T19:34:27","slug":"plan-integral-de-iluminacion-fortalece-alumbrado-publico-en-vias-expresas-de-la-region-capital","status":"publish","type":"post","link":"https:\/\/mppee.gob.ve\/?p=82787","title":{"rendered":"Plan Integral de Iluminaci\u00f3n fortalece alumbrado p\u00fablico en v\u00edas expresas de la Regi\u00f3n Capital"},"content":{"rendered":"<p style=\"text-align: justify;\"><strong><img loading=\"lazy\" decoding=\"async\" class=\"size-medium wp-image-82797 alignleft\" src=\"http:\/\/10.200.87.50\/mppee\/wp-content\/uploads\/2020\/11\/WhatsApp-Image-2020-11-10-at-9.20.57-PM-300x227.jpeg\" alt=\"\" width=\"300\" height=\"227\" srcset=\"https:\/\/mppee.gob.ve\/wp-content\/uploads\/2020\/11\/WhatsApp-Image-2020-11-10-at-9.20.57-PM-300x227.jpeg 300w, https:\/\/mppee.gob.ve\/wp-content\/uploads\/2020\/11\/WhatsApp-Image-2020-11-10-at-9.20.57-PM-1024x775.jpeg 1024w, https:\/\/mppee.gob.ve\/wp-content\/uploads\/2020\/11\/WhatsApp-Image-2020-11-10-at-9.20.57-PM-768x581.jpeg 768w, https:\/\/mppee.gob.ve\/wp-content\/uploads\/2020\/11\/WhatsApp-Image-2020-11-10-at-9.20.57-PM.jpeg 1080w\" sizes=\"auto, (max-width: 300px) 100vw, 300px\" \/>(Corpoelec, Caracas 10-11-20).-<\/strong> Desde la autopista Cacique Guaicaipuro, a la altura del Distribuidor El Pulpo de Caracas, el vicepresidente Sectorial de Obras P\u00fablicas y Servicios, G\/J N\u00e9stor Reverol, supervis\u00f3 la instalaci\u00f3n de las luminarias respectivas de esta importante autopista, anteriormente denominada Francisco Fajardo.<\/p>\n<p style=\"text-align: justify;\">El tambi\u00e9n Ministro del Poder Popular para la Energ\u00eda El\u00e9ctrica, destac\u00f3 que se ha iniciado un Plan Integral de Iluminaci\u00f3n para la Regi\u00f3n Capital en primera fase, que comenzar\u00e1 desde Caricuao hasta el Distribuidor Metropolitano, el cual cubre 28 kil\u00f3metros de autopista, donde se colocar\u00e1n alrededor de 900 luminarias para completar esta primera fase.<\/p>\n<p style=\"text-align: justify;\">Se\u00f1al\u00f3 que la segunda etapa de este plan se ejecutar\u00e1, desde el Distribuidor Metropolitano hasta Guatire del estado Miranda, donde se est\u00e1n haciendo los alcances correspondientes, para tener iluminada esta importante arteria vial que se comunica con la Gran Caracas.<\/p>\n<p style=\"text-align: justify;\"><img loading=\"lazy\" decoding=\"async\" class=\"size-medium wp-image-82795 alignright\" src=\"http:\/\/10.200.87.50\/mppee\/wp-content\/uploads\/2020\/11\/WhatsApp-Image-2020-11-10-at-9.20.58-PM1-200x300.jpeg\" alt=\"\" width=\"200\" height=\"300\" srcset=\"https:\/\/mppee.gob.ve\/wp-content\/uploads\/2020\/11\/WhatsApp-Image-2020-11-10-at-9.20.58-PM1-200x300.jpeg 200w, https:\/\/mppee.gob.ve\/wp-content\/uploads\/2020\/11\/WhatsApp-Image-2020-11-10-at-9.20.58-PM1.jpeg 608w\" sizes=\"auto, (max-width: 200px) 100vw, 200px\" \/>Afirm\u00f3 que se iluminaron 16.5 kil\u00f3metros de la autopista Caracas &#8211; La Guaira, con m\u00e1s de 450 reflectores tipo LED, para que los residentes y visitantes que transitan por esta importante v\u00eda est\u00e9n completamente iluminados.<\/p>\n<p style=\"text-align: justify;\">El Ministro indic\u00f3 que se ha iniciado el alumbrado en la Autopista Regional del Centro (ARC) en varias fases, con m\u00e1s de 2 mil luminarias y la reparaci\u00f3n de un total de 175 postes, conjuntamente con el Ministerio del Poder Popular para el Transporte, <strong>\u201cque en primera instancia comprende hasta el kilometro 32, entrada de los Valles Del Tuy\u201d.<\/strong><\/p>\n<p style=\"text-align: justify;\">Asever\u00f3 que en un trabajo en conjunto con la Gobernaci\u00f3n del estado Miranda se seguir\u00e1 iluminando la carretera Panamericana y cualquier otra v\u00eda expresa que haga falta.<\/p>\n<p style=\"text-align: justify;\"><strong>\u201cVamos a seguir avanzando, esto es un plan nacional que vamos a iniciar para que el pueblo de Venezuela, pueda contar con esta magn\u00edfica iluminaci\u00f3n de estas v\u00edas expresas\u201d<\/strong>, se\u00f1al\u00f3 Reverol Torres.<\/p>\n<p style=\"text-align: justify;\"><strong>R: Alejandro Le\u00f3n \/ Prensa Corpoelec<\/strong><br \/>\n<strong>T: Juan Ter\u00e1n \/ Prensa Mppee<\/strong><\/p>\n<figure id=\"attachment_82791\" aria-describedby=\"caption-attachment-82791\" style=\"width: 950px\" class=\"wp-caption alignnone\"><img loading=\"lazy\" decoding=\"async\" class=\"wp-image-82791 size-full\" src=\"http:\/\/10.200.87.50\/mppee\/wp-content\/uploads\/2020\/11\/WhatsApp-Image-2020-11-10-at-9.21.30-PM1.jpeg\" alt=\"\" width=\"950\" height=\"975\" srcset=\"https:\/\/mppee.gob.ve\/wp-content\/uploads\/2020\/11\/WhatsApp-Image-2020-11-10-at-9.21.30-PM1.jpeg 950w, https:\/\/mppee.gob.ve\/wp-content\/uploads\/2020\/11\/WhatsApp-Image-2020-11-10-at-9.21.30-PM1-292x300.jpeg 292w, https:\/\/mppee.gob.ve\/wp-content\/uploads\/2020\/11\/WhatsApp-Image-2020-11-10-at-9.21.30-PM1-768x788.jpeg 768w\" sizes=\"auto, (max-width: 950px) 100vw, 950px\" \/><figcaption id=\"caption-attachment-82791\" class=\"wp-caption-text\">Ministro del Poder Popular para la Energ\u00eda El\u00e9ctrica, G\/J N\u00e9stor Reverol<\/figcaption><\/figure>\n<p><img loading=\"lazy\" decoding=\"async\" class=\"alignnone wp-image-82789 size-full\" src=\"http:\/\/10.200.87.50\/mppee\/wp-content\/uploads\/2020\/11\/WhatsApp-Image-2020-11-10-at-9.21.30-PM3.jpeg\" alt=\"\" width=\"1080\" height=\"771\" srcset=\"https:\/\/mppee.gob.ve\/wp-content\/uploads\/2020\/11\/WhatsApp-Image-2020-11-10-at-9.21.30-PM3.jpeg 1080w, https:\/\/mppee.gob.ve\/wp-content\/uploads\/2020\/11\/WhatsApp-Image-2020-11-10-at-9.21.30-PM3-300x214.jpeg 300w, https:\/\/mppee.gob.ve\/wp-content\/uploads\/2020\/11\/WhatsApp-Image-2020-11-10-at-9.21.30-PM3-1024x731.jpeg 1024w, https:\/\/mppee.gob.ve\/wp-content\/uploads\/2020\/11\/WhatsApp-Image-2020-11-10-at-9.21.30-PM3-768x548.jpeg 768w\" sizes=\"auto, (max-width: 1080px) 100vw, 1080px\" \/> <img loading=\"lazy\" decoding=\"async\" class=\"alignnone wp-image-82788 size-full\" src=\"http:\/\/10.200.87.50\/mppee\/wp-content\/uploads\/2020\/11\/WhatsApp-Image-2020-11-10-at-9.21.31-PM.jpeg\" alt=\"\" width=\"1080\" height=\"810\" srcset=\"https:\/\/mppee.gob.ve\/wp-content\/uploads\/2020\/11\/WhatsApp-Image-2020-11-10-at-9.21.31-PM.jpeg 1080w, https:\/\/mppee.gob.ve\/wp-content\/uploads\/2020\/11\/WhatsApp-Image-2020-11-10-at-9.21.31-PM-300x225.jpeg 300w, https:\/\/mppee.gob.ve\/wp-content\/uploads\/2020\/11\/WhatsApp-Image-2020-11-10-at-9.21.31-PM-1024x768.jpeg 1024w, https:\/\/mppee.gob.ve\/wp-content\/uploads\/2020\/11\/WhatsApp-Image-2020-11-10-at-9.21.31-PM-768x576.jpeg 768w\" sizes=\"auto, (max-width: 1080px) 100vw, 1080px\" \/><\/p>\n","protected":false},"excerpt":{"rendered":"<p>(Corpoelec, Caracas 10-11-20).- Desde la autopista Cacique Guaicaipuro, a la altura del Distribuidor El Pulpo de Caracas, el vicepresidente Sectorial<\/p>\n","protected":false},"author":12,"featured_media":82789,"comment_status":"open","ping_status":"open","sticky":false,"template":"","format":"standard","meta":{"footnotes":""},"categories":[15],"tags":[11],"class_list":["post-82787","post","type-post","status-publish","format-standard","has-post-thumbnail","hentry","category-nacionales","tag-mppee"],"_links":{"self":[{"href":"https:\/\/mppee.gob.ve\/index.php?rest_route=\/wp\/v2\/posts\/82787","targetHints":{"allow":["GET"]}}],"collection":[{"href":"https:\/\/mppee.gob.ve\/index.php?rest_route=\/wp\/v2\/posts"}],"about":[{"href":"https:\/\/mppee.gob.ve\/index.php?rest_route=\/wp\/v2\/types\/post"}],"author":[{"embeddable":true,"href":"https:\/\/mppee.gob.ve\/index.php?rest_route=\/wp\/v2\/users\/12"}],"replies":[{"embeddable":true,"href":"https:\/\/mppee.gob.ve\/index.php?rest_route=%2Fwp%2Fv2%2Fcomments&post=82787"}],"version-history":[{"count":1,"href":"https:\/\/mppee.gob.ve\/index.php?rest_route=\/wp\/v2\/posts\/82787\/revisions"}],"predecessor-version":[{"id":82798,"href":"https:\/\/mppee.gob.ve\/index.php?rest_route=\/wp\/v2\/posts\/82787\/revisions\/82798"}],"wp:featuredmedia":[{"embeddable":true,"href":"https:\/\/mppee.gob.ve\/index.php?rest_route=\/wp\/v2\/media\/82789"}],"wp:attachment":[{"href":"https:\/\/mppee.gob.ve\/index.php?rest_route=%2Fwp%2Fv2%2Fmedia&parent=82787"}],"wp:term":[{"taxonomy":"category","embeddable":true,"href":"https:\/\/mppee.gob.ve\/index.php?rest_route=%2Fwp%2Fv2%2Fcategories&post=82787"},{"taxonomy":"post_tag","embeddable":true,"href":"https:\/\/mppee.gob.ve\/index.php?rest_route=%2Fwp%2Fv2%2Ftags&post=82787"}],"curies":[{"name":"wp","href":"https:\/\/api.w.org\/{rel}","templated":true}]}}