{"id":82799,"date":"2020-11-11T13:39:09","date_gmt":"2020-11-11T13:39:09","guid":{"rendered":"http:\/\/10.200.87.50\/mppee\/?p=82799"},"modified":"2020-11-12T13:51:34","modified_gmt":"2020-11-12T13:51:34","slug":"ministro-reverol-continua-con-plan-de-supervision-y-diagnostico-del-sistema-electrico-desde-falcon","status":"publish","type":"post","link":"https:\/\/mppee.gob.ve\/?p=82799","title":{"rendered":"Ministro Reverol contin\u00faa con Plan de Supervisi\u00f3n y Diagn\u00f3stico del sistema el\u00e9ctrico desde Falc\u00f3n"},"content":{"rendered":"<p style=\"text-align: justify;\"><img loading=\"lazy\" decoding=\"async\" class=\"size-medium wp-image-82807 alignleft\" src=\"http:\/\/10.200.87.50\/mppee\/wp-content\/uploads\/2020\/11\/WhatsApp-Image-2020-11-11-at-8.58.40-PM1-300x200.jpeg\" alt=\"\" width=\"300\" height=\"200\" srcset=\"https:\/\/mppee.gob.ve\/wp-content\/uploads\/2020\/11\/WhatsApp-Image-2020-11-11-at-8.58.40-PM1-300x200.jpeg 300w, https:\/\/mppee.gob.ve\/wp-content\/uploads\/2020\/11\/WhatsApp-Image-2020-11-11-at-8.58.40-PM1-1024x683.jpeg 1024w, https:\/\/mppee.gob.ve\/wp-content\/uploads\/2020\/11\/WhatsApp-Image-2020-11-11-at-8.58.40-PM1-768x512.jpeg 768w, https:\/\/mppee.gob.ve\/wp-content\/uploads\/2020\/11\/WhatsApp-Image-2020-11-11-at-8.58.40-PM1.jpeg 1080w\" sizes=\"auto, (max-width: 300px) 100vw, 300px\" \/>Este mi\u00e9rcoles el vicepresidente Sectorial de Obras P\u00fablicas y Servicios, G\/J N\u00e9stor Reverol, visit\u00f3 la Planta Termoel\u00e9ctrica Josefa Camejo, en el estado Falc\u00f3n como parte del plan de inspecciones, revisi\u00f3n profunda y planificada a toda la infraestructura el\u00e9ctrica de la naci\u00f3n, para garantizar los procesos de generaci\u00f3n, distribuci\u00f3n y transmisi\u00f3n al 100% para el funcionamiento del sistema el\u00e9ctrico.<\/p>\n<p>La informaci\u00f3n la dio a conocer a trav\u00e9s de su cuenta en la red social Instagram @reverolnestor, donde destac\u00f3 <strong>\u201crealizamos un recorrido y conversamos con la clase obrera para levantar un diagn\u00f3stico integral que permita incrementar la generaci\u00f3n de energ\u00eda el\u00e9ctrica y el bienestar social de los trabajadores\u201d.<\/strong><\/p>\n<p style=\"text-align: justify;\"><img loading=\"lazy\" decoding=\"async\" class=\"size-medium wp-image-82804 alignright\" src=\"http:\/\/10.200.87.50\/mppee\/wp-content\/uploads\/2020\/11\/WhatsApp-Image-2020-11-11-at-8.58.41-PM1-300x186.jpeg\" alt=\"\" width=\"300\" height=\"186\" srcset=\"https:\/\/mppee.gob.ve\/wp-content\/uploads\/2020\/11\/WhatsApp-Image-2020-11-11-at-8.58.41-PM1-300x186.jpeg 300w, https:\/\/mppee.gob.ve\/wp-content\/uploads\/2020\/11\/WhatsApp-Image-2020-11-11-at-8.58.41-PM1-1024x635.jpeg 1024w, https:\/\/mppee.gob.ve\/wp-content\/uploads\/2020\/11\/WhatsApp-Image-2020-11-11-at-8.58.41-PM1-768x476.jpeg 768w, https:\/\/mppee.gob.ve\/wp-content\/uploads\/2020\/11\/WhatsApp-Image-2020-11-11-at-8.58.41-PM1.jpeg 1080w\" sizes=\"auto, (max-width: 300px) 100vw, 300px\" \/>El tambi\u00e9n Ministro del Poder Popular para la Energ\u00eda El\u00e9ctrica refiri\u00f3 que conjuntamente con el vicepresidente Sectorial de Econom\u00eda, Tareck El Aissami, el gobernador del estado Falc\u00f3n, V\u00edctor Clark y el Comandante Estrat\u00e9gico Operacional de la Fuerza Armada Nacional Bolivariana, A\/J Remigio Ceballos, revisaron los planes de seguridad del Centro de Refinaci\u00f3n Paraguan\u00e1 (CRP), donde acordaron garantizar la iluminaci\u00f3n de este importante complejo petrolero del pa\u00eds.<\/p>\n<p style=\"text-align: justify;\">Asimismo, el General en Jefe se\u00f1al\u00f3 que realiz\u00f3 una mesa t\u00e9cnica con los expertos del CRP, Corpoelec y la Gobernaci\u00f3n de la entidad, para trazar las l\u00edneas estrat\u00e9gicas que permitan garantizar la electricidad en la regi\u00f3n falconiana.<\/p>\n<p>Vale acotar que en d\u00edas recientes Reverol Torres visit\u00f3 e inspeccion\u00f3 la Planta Termoel\u00e9ctrica India Urqu\u00eda, ubicada en el municipio Paz Castillo de la entidad mirandina y la Central Termoel\u00e9ctrica Planta Centro y Termocarabobo II, ubicadas en el municipio Juan Jos\u00e9 Mora del estado Carabobo.<\/p>\n<p style=\"text-align: justify;\"><strong>Prensa Corpoelec\/\/ Alejandro Le\u00f3n<\/strong><\/p>\n<p><img loading=\"lazy\" decoding=\"async\" class=\"alignnone wp-image-82808 size-full\" src=\"http:\/\/10.200.87.50\/mppee\/wp-content\/uploads\/2020\/11\/WhatsApp-Image-2020-11-11-at-8.58.40-PM.jpeg\" alt=\"\" width=\"1080\" height=\"721\" srcset=\"https:\/\/mppee.gob.ve\/wp-content\/uploads\/2020\/11\/WhatsApp-Image-2020-11-11-at-8.58.40-PM.jpeg 1080w, https:\/\/mppee.gob.ve\/wp-content\/uploads\/2020\/11\/WhatsApp-Image-2020-11-11-at-8.58.40-PM-300x200.jpeg 300w, https:\/\/mppee.gob.ve\/wp-content\/uploads\/2020\/11\/WhatsApp-Image-2020-11-11-at-8.58.40-PM-1024x684.jpeg 1024w, https:\/\/mppee.gob.ve\/wp-content\/uploads\/2020\/11\/WhatsApp-Image-2020-11-11-at-8.58.40-PM-768x513.jpeg 768w\" sizes=\"auto, (max-width: 1080px) 100vw, 1080px\" \/> <img loading=\"lazy\" decoding=\"async\" class=\"alignnone wp-image-82803 size-full\" src=\"http:\/\/10.200.87.50\/mppee\/wp-content\/uploads\/2020\/11\/WhatsApp-Image-2020-11-11-at-8.58.41-PM2.jpeg\" alt=\"\" width=\"1080\" height=\"683\" srcset=\"https:\/\/mppee.gob.ve\/wp-content\/uploads\/2020\/11\/WhatsApp-Image-2020-11-11-at-8.58.41-PM2.jpeg 1080w, https:\/\/mppee.gob.ve\/wp-content\/uploads\/2020\/11\/WhatsApp-Image-2020-11-11-at-8.58.41-PM2-300x190.jpeg 300w, https:\/\/mppee.gob.ve\/wp-content\/uploads\/2020\/11\/WhatsApp-Image-2020-11-11-at-8.58.41-PM2-1024x648.jpeg 1024w, https:\/\/mppee.gob.ve\/wp-content\/uploads\/2020\/11\/WhatsApp-Image-2020-11-11-at-8.58.41-PM2-768x486.jpeg 768w\" sizes=\"auto, (max-width: 1080px) 100vw, 1080px\" \/> <img loading=\"lazy\" decoding=\"async\" class=\"alignnone wp-image-82800 size-full\" src=\"http:\/\/10.200.87.50\/mppee\/wp-content\/uploads\/2020\/11\/WhatsApp-Image-2020-11-11-at-8.58.42-PM1.jpeg\" alt=\"\" width=\"1080\" height=\"720\" srcset=\"https:\/\/mppee.gob.ve\/wp-content\/uploads\/2020\/11\/WhatsApp-Image-2020-11-11-at-8.58.42-PM1.jpeg 1080w, https:\/\/mppee.gob.ve\/wp-content\/uploads\/2020\/11\/WhatsApp-Image-2020-11-11-at-8.58.42-PM1-300x200.jpeg 300w, https:\/\/mppee.gob.ve\/wp-content\/uploads\/2020\/11\/WhatsApp-Image-2020-11-11-at-8.58.42-PM1-1024x683.jpeg 1024w, https:\/\/mppee.gob.ve\/wp-content\/uploads\/2020\/11\/WhatsApp-Image-2020-11-11-at-8.58.42-PM1-768x512.jpeg 768w\" sizes=\"auto, (max-width: 1080px) 100vw, 1080px\" \/> <img loading=\"lazy\" decoding=\"async\" class=\"alignnone wp-image-82801 size-full\" src=\"http:\/\/10.200.87.50\/mppee\/wp-content\/uploads\/2020\/11\/WhatsApp-Image-2020-11-11-at-8.58.42-PM.jpeg\" alt=\"\" width=\"1080\" height=\"588\" srcset=\"https:\/\/mppee.gob.ve\/wp-content\/uploads\/2020\/11\/WhatsApp-Image-2020-11-11-at-8.58.42-PM.jpeg 1080w, https:\/\/mppee.gob.ve\/wp-content\/uploads\/2020\/11\/WhatsApp-Image-2020-11-11-at-8.58.42-PM-300x163.jpeg 300w, https:\/\/mppee.gob.ve\/wp-content\/uploads\/2020\/11\/WhatsApp-Image-2020-11-11-at-8.58.42-PM-1024x558.jpeg 1024w, https:\/\/mppee.gob.ve\/wp-content\/uploads\/2020\/11\/WhatsApp-Image-2020-11-11-at-8.58.42-PM-768x418.jpeg 768w\" sizes=\"auto, (max-width: 1080px) 100vw, 1080px\" \/> <img loading=\"lazy\" decoding=\"async\" class=\"alignnone wp-image-82802 size-full\" src=\"http:\/\/10.200.87.50\/mppee\/wp-content\/uploads\/2020\/11\/WhatsApp-Image-2020-11-11-at-8.58.41-PM3.jpeg\" alt=\"\" width=\"1080\" height=\"577\" srcset=\"https:\/\/mppee.gob.ve\/wp-content\/uploads\/2020\/11\/WhatsApp-Image-2020-11-11-at-8.58.41-PM3.jpeg 1080w, https:\/\/mppee.gob.ve\/wp-content\/uploads\/2020\/11\/WhatsApp-Image-2020-11-11-at-8.58.41-PM3-300x160.jpeg 300w, https:\/\/mppee.gob.ve\/wp-content\/uploads\/2020\/11\/WhatsApp-Image-2020-11-11-at-8.58.41-PM3-1024x547.jpeg 1024w, https:\/\/mppee.gob.ve\/wp-content\/uploads\/2020\/11\/WhatsApp-Image-2020-11-11-at-8.58.41-PM3-768x410.jpeg 768w\" sizes=\"auto, (max-width: 1080px) 100vw, 1080px\" \/> <img loading=\"lazy\" decoding=\"async\" class=\"alignnone wp-image-82805 size-full\" src=\"http:\/\/10.200.87.50\/mppee\/wp-content\/uploads\/2020\/11\/WhatsApp-Image-2020-11-11-at-8.58.41-PM.jpeg\" alt=\"\" width=\"912\" height=\"608\" srcset=\"https:\/\/mppee.gob.ve\/wp-content\/uploads\/2020\/11\/WhatsApp-Image-2020-11-11-at-8.58.41-PM.jpeg 912w, https:\/\/mppee.gob.ve\/wp-content\/uploads\/2020\/11\/WhatsApp-Image-2020-11-11-at-8.58.41-PM-300x200.jpeg 300w, https:\/\/mppee.gob.ve\/wp-content\/uploads\/2020\/11\/WhatsApp-Image-2020-11-11-at-8.58.41-PM-768x512.jpeg 768w\" sizes=\"auto, (max-width: 912px) 100vw, 912px\" \/><\/p>\n","protected":false},"excerpt":{"rendered":"<p>Este mi\u00e9rcoles el vicepresidente Sectorial de Obras P\u00fablicas y Servicios, G\/J N\u00e9stor Reverol, visit\u00f3 la Planta Termoel\u00e9ctrica Josefa Camejo, en<\/p>\n","protected":false},"author":12,"featured_media":82806,"comment_status":"open","ping_status":"open","sticky":false,"template":"","format":"standard","meta":{"footnotes":""},"categories":[15],"tags":[11],"class_list":["post-82799","post","type-post","status-publish","format-standard","has-post-thumbnail","hentry","category-nacionales","tag-mppee"],"_links":{"self":[{"href":"https:\/\/mppee.gob.ve\/index.php?rest_route=\/wp\/v2\/posts\/82799","targetHints":{"allow":["GET"]}}],"collection":[{"href":"https:\/\/mppee.gob.ve\/index.php?rest_route=\/wp\/v2\/posts"}],"about":[{"href":"https:\/\/mppee.gob.ve\/index.php?rest_route=\/wp\/v2\/types\/post"}],"author":[{"embeddable":true,"href":"https:\/\/mppee.gob.ve\/index.php?rest_route=\/wp\/v2\/users\/12"}],"replies":[{"embeddable":true,"href":"https:\/\/mppee.gob.ve\/index.php?rest_route=%2Fwp%2Fv2%2Fcomments&post=82799"}],"version-history":[{"count":1,"href":"https:\/\/mppee.gob.ve\/index.php?rest_route=\/wp\/v2\/posts\/82799\/revisions"}],"predecessor-version":[{"id":82809,"href":"https:\/\/mppee.gob.ve\/index.php?rest_route=\/wp\/v2\/posts\/82799\/revisions\/82809"}],"wp:featuredmedia":[{"embeddable":true,"href":"https:\/\/mppee.gob.ve\/index.php?rest_route=\/wp\/v2\/media\/82806"}],"wp:attachment":[{"href":"https:\/\/mppee.gob.ve\/index.php?rest_route=%2Fwp%2Fv2%2Fmedia&parent=82799"}],"wp:term":[{"taxonomy":"category","embeddable":true,"href":"https:\/\/mppee.gob.ve\/index.php?rest_route=%2Fwp%2Fv2%2Fcategories&post=82799"},{"taxonomy":"post_tag","embeddable":true,"href":"https:\/\/mppee.gob.ve\/index.php?rest_route=%2Fwp%2Fv2%2Ftags&post=82799"}],"curies":[{"name":"wp","href":"https:\/\/api.w.org\/{rel}","templated":true}]}}