{"id":82923,"date":"2020-12-02T14:39:19","date_gmt":"2020-12-02T14:39:19","guid":{"rendered":"http:\/\/10.200.87.50\/mppee\/?p=82923"},"modified":"2020-12-02T14:43:08","modified_gmt":"2020-12-02T14:43:08","slug":"planta-de-transformadores-la-mariposa-tendra-capacidad-de-fabricar-mas-de-mil-500-equipos-al-ano","status":"publish","type":"post","link":"https:\/\/mppee.gob.ve\/?p=82923","title":{"rendered":"Planta de Transformadores La Mariposa tendr\u00e1 capacidad de fabricar m\u00e1s de mil 500 equipos al a\u00f1o"},"content":{"rendered":"<p style=\"text-align: justify;\"><strong><img loading=\"lazy\" decoding=\"async\" class=\"size-medium wp-image-82921 alignleft\" src=\"http:\/\/10.200.87.50\/mppee\/wp-content\/uploads\/2020\/12\/WhatsApp-Image-2020-11-29-at-8.47.53-AM1-300x225.jpeg\" alt=\"\" width=\"300\" height=\"225\" srcset=\"https:\/\/mppee.gob.ve\/wp-content\/uploads\/2020\/12\/WhatsApp-Image-2020-11-29-at-8.47.53-AM1-300x225.jpeg 300w, https:\/\/mppee.gob.ve\/wp-content\/uploads\/2020\/12\/WhatsApp-Image-2020-11-29-at-8.47.53-AM1-768x576.jpeg 768w, https:\/\/mppee.gob.ve\/wp-content\/uploads\/2020\/12\/WhatsApp-Image-2020-11-29-at-8.47.53-AM1.jpeg 1024w\" sizes=\"auto, (max-width: 300px) 100vw, 300px\" \/>Caracas, 28 de noviembre de 2020 (Prensa MPPEE).-<\/strong> El vicepresidente Sectorial de Obras P\u00fablicas y Servicios, G\/J N\u00e9stor Reverol, realiz\u00f3 una visita a la Planta de Recuperaci\u00f3n de Transformadores, perteneciente a la Corporaci\u00f3n El\u00e9ctrica Nacional S.A. (Corpoelec), ubicada en el sector La Mariposa, estado Miranda, con el prop\u00f3sito de reactivar su funcionamiento y brindar el servicio de fabricaci\u00f3n de dichos equipos.<\/p>\n<p style=\"text-align: justify;\">El tambi\u00e9n Ministro del Poder Popular para la Energ\u00eda El\u00e9ctrica, inform\u00f3 que asisti\u00f3 a esta planta con el fin de realizar una inspecci\u00f3n y diagn\u00f3stico para desarrollar<strong> \u00abun Plan Especial para que la planta se convierta en una f\u00e1brica de recuperaci\u00f3n de transformadores con una capacidad de producci\u00f3n de mil 500 transformadores anuales\u201d.<\/strong><\/p>\n<p style=\"text-align: justify;\"><strong><img loading=\"lazy\" decoding=\"async\" class=\"size-medium wp-image-82918 alignright\" src=\"http:\/\/10.200.87.50\/mppee\/wp-content\/uploads\/2020\/12\/WhatsApp-Image-2020-11-29-at-8.47.54-AM1-300x225.jpeg\" alt=\"\" width=\"300\" height=\"225\" srcset=\"https:\/\/mppee.gob.ve\/wp-content\/uploads\/2020\/12\/WhatsApp-Image-2020-11-29-at-8.47.54-AM1-300x225.jpeg 300w, https:\/\/mppee.gob.ve\/wp-content\/uploads\/2020\/12\/WhatsApp-Image-2020-11-29-at-8.47.54-AM1-768x576.jpeg 768w, https:\/\/mppee.gob.ve\/wp-content\/uploads\/2020\/12\/WhatsApp-Image-2020-11-29-at-8.47.54-AM1.jpeg 1024w\" sizes=\"auto, (max-width: 300px) 100vw, 300px\" \/>\u201cEstimamos que en unas semanas estaremos arrancando con esta acci\u00f3n especial, la cual, en medio de esta guerra multiforme, en medio del bloqueo criminal que tenemos, permita recuperar transformadores, hacerlos nuevos, tambi\u00e9n, y colocarlos al servicio del pueblo\u201d<\/strong>, recalc\u00f3 el Ministro Reverol.<\/p>\n<p style=\"text-align: justify;\">Por \u00faltimo, hizo \u00e9nfasis en que uno de los compromisos con la clase obrera es que se incorporen en esta planta para garantizar el abastecimiento de estos equipos y lograr as\u00ed la estabilizaci\u00f3n del Sistema El\u00e9ctrico Nacional (SEN).<\/p>\n<p style=\"text-align: justify;\"><strong>Prensa MPPEE<\/strong><\/p>\n<p><img loading=\"lazy\" decoding=\"async\" class=\"alignnone wp-image-82919 size-full\" src=\"http:\/\/10.200.87.50\/mppee\/wp-content\/uploads\/2020\/12\/WhatsApp-Image-2020-11-29-at-8.47.54-AM.jpeg\" alt=\"\" width=\"1024\" height=\"576\" srcset=\"https:\/\/mppee.gob.ve\/wp-content\/uploads\/2020\/12\/WhatsApp-Image-2020-11-29-at-8.47.54-AM.jpeg 1024w, https:\/\/mppee.gob.ve\/wp-content\/uploads\/2020\/12\/WhatsApp-Image-2020-11-29-at-8.47.54-AM-300x169.jpeg 300w, https:\/\/mppee.gob.ve\/wp-content\/uploads\/2020\/12\/WhatsApp-Image-2020-11-29-at-8.47.54-AM-768x432.jpeg 768w\" sizes=\"auto, (max-width: 1024px) 100vw, 1024px\" \/><\/p>\n","protected":false},"excerpt":{"rendered":"<p>Caracas, 28 de noviembre de 2020 (Prensa MPPEE).- El vicepresidente Sectorial de Obras P\u00fablicas y Servicios, G\/J N\u00e9stor Reverol, realiz\u00f3<\/p>\n","protected":false},"author":12,"featured_media":82922,"comment_status":"open","ping_status":"open","sticky":false,"template":"","format":"standard","meta":{"footnotes":""},"categories":[15],"tags":[11],"class_list":["post-82923","post","type-post","status-publish","format-standard","has-post-thumbnail","hentry","category-nacionales","tag-mppee"],"_links":{"self":[{"href":"https:\/\/mppee.gob.ve\/index.php?rest_route=\/wp\/v2\/posts\/82923","targetHints":{"allow":["GET"]}}],"collection":[{"href":"https:\/\/mppee.gob.ve\/index.php?rest_route=\/wp\/v2\/posts"}],"about":[{"href":"https:\/\/mppee.gob.ve\/index.php?rest_route=\/wp\/v2\/types\/post"}],"author":[{"embeddable":true,"href":"https:\/\/mppee.gob.ve\/index.php?rest_route=\/wp\/v2\/users\/12"}],"replies":[{"embeddable":true,"href":"https:\/\/mppee.gob.ve\/index.php?rest_route=%2Fwp%2Fv2%2Fcomments&post=82923"}],"version-history":[{"count":1,"href":"https:\/\/mppee.gob.ve\/index.php?rest_route=\/wp\/v2\/posts\/82923\/revisions"}],"predecessor-version":[{"id":82924,"href":"https:\/\/mppee.gob.ve\/index.php?rest_route=\/wp\/v2\/posts\/82923\/revisions\/82924"}],"wp:featuredmedia":[{"embeddable":true,"href":"https:\/\/mppee.gob.ve\/index.php?rest_route=\/wp\/v2\/media\/82922"}],"wp:attachment":[{"href":"https:\/\/mppee.gob.ve\/index.php?rest_route=%2Fwp%2Fv2%2Fmedia&parent=82923"}],"wp:term":[{"taxonomy":"category","embeddable":true,"href":"https:\/\/mppee.gob.ve\/index.php?rest_route=%2Fwp%2Fv2%2Fcategories&post=82923"},{"taxonomy":"post_tag","embeddable":true,"href":"https:\/\/mppee.gob.ve\/index.php?rest_route=%2Fwp%2Fv2%2Ftags&post=82923"}],"curies":[{"name":"wp","href":"https:\/\/api.w.org\/{rel}","templated":true}]}}