{"id":82925,"date":"2020-12-02T14:53:04","date_gmt":"2020-12-02T14:53:04","guid":{"rendered":"http:\/\/10.200.87.50\/mppee\/?p=82925"},"modified":"2020-12-02T14:54:44","modified_gmt":"2020-12-02T14:54:44","slug":"mppee-inicia-proceso-de-carnetizacion-de-todos-los-trabajadores-de-la-industria-electrica","status":"publish","type":"post","link":"https:\/\/mppee.gob.ve\/?p=82925","title":{"rendered":"MPPEE inicia proceso de carnetizaci\u00f3n de todos los trabajadores de la industria el\u00e9ctrica"},"content":{"rendered":"<p style=\"text-align: justify;\"><img loading=\"lazy\" decoding=\"async\" class=\"size-medium wp-image-82905 alignleft\" src=\"http:\/\/10.200.87.50\/mppee\/wp-content\/uploads\/2020\/12\/WhatsApp-Image-2020-11-30-at-2.44.05-PM-2-300x200.jpeg\" alt=\"\" width=\"300\" height=\"200\" srcset=\"https:\/\/mppee.gob.ve\/wp-content\/uploads\/2020\/12\/WhatsApp-Image-2020-11-30-at-2.44.05-PM-2-300x200.jpeg 300w, https:\/\/mppee.gob.ve\/wp-content\/uploads\/2020\/12\/WhatsApp-Image-2020-11-30-at-2.44.05-PM-2-768x512.jpeg 768w, https:\/\/mppee.gob.ve\/wp-content\/uploads\/2020\/12\/WhatsApp-Image-2020-11-30-at-2.44.05-PM-2.jpeg 912w\" sizes=\"auto, (max-width: 300px) 100vw, 300px\" \/>Cumpliendo instrucciones del Presidente Nicol\u00e1s Maduro, este lunes el Vicepresidente Sectorial de Obras Publicas y Servicios, G\/J N\u00e9stor Reverol, encabez\u00f3 el nuevo proceso de carnetizaci\u00f3n como parte de las pol\u00edticas ejecutadas para resguardar la seguridad integral de los trabajadores y trabajadoras del Ministerio del Poder Popular para la Energ\u00eda El\u00e9ctrica y sus entes adscritos.<\/p>\n<p style=\"text-align: justify;\">Destac\u00f3 que ser\u00e1 un carnet \u00fanico que tendr\u00e1n los gerentes, empleados y obreros del Sector El\u00e9ctrico Nacional y tendr\u00e1 unos c\u00f3digos de seguridad especiales para el control de acceso adem\u00e1s permitir\u00e1, a trav\u00e9s del c\u00f3digo QR, tener los datos personales de cada trabajador y de su carga familiar, lo que significa tener actualizada la data en tiempo real.<\/p>\n<p style=\"text-align: justify;\"><img loading=\"lazy\" decoding=\"async\" class=\"wp-image-82912 size-medium alignright\" src=\"http:\/\/10.200.87.50\/mppee\/wp-content\/uploads\/2020\/12\/WhatsApp-Image-2020-11-30-at-2.44.06-PM3-1-300x243.jpeg\" alt=\"\" width=\"300\" height=\"243\" srcset=\"https:\/\/mppee.gob.ve\/wp-content\/uploads\/2020\/12\/WhatsApp-Image-2020-11-30-at-2.44.06-PM3-1-300x243.jpeg 300w, https:\/\/mppee.gob.ve\/wp-content\/uploads\/2020\/12\/WhatsApp-Image-2020-11-30-at-2.44.06-PM3-1-1024x830.jpeg 1024w, https:\/\/mppee.gob.ve\/wp-content\/uploads\/2020\/12\/WhatsApp-Image-2020-11-30-at-2.44.06-PM3-1-768x622.jpeg 768w, https:\/\/mppee.gob.ve\/wp-content\/uploads\/2020\/12\/WhatsApp-Image-2020-11-30-at-2.44.06-PM3-1.jpeg 1080w\" sizes=\"auto, (max-width: 300px) 100vw, 300px\" \/>El titular para la Energ\u00eda El\u00e9ctrica indic\u00f3 que con este nuevo formato de identificaci\u00f3n institucional se obtendr\u00e1n todas las medidas necesarias para el ingreso permanente a las instalaciones y control de n\u00f3mina del personal.<\/p>\n<p style=\"text-align: justify;\">El General en Jefe manifest\u00f3 que este proceso de carnetizaci\u00f3n automatizada se desplegar\u00e1 en todo el territorio nacional, para establecer los controles de seguridad al momento de ingresar a cualquier infraestructura dentro de la industria el\u00e9ctrica.<\/p>\n<p style=\"text-align: justify;\"><strong>Corpoelec\/Alejandro Le\u00f3n<\/strong><\/p>\n<p><img loading=\"lazy\" decoding=\"async\" class=\"aligncenter wp-image-82889 size-full\" src=\"http:\/\/10.200.87.50\/mppee\/wp-content\/uploads\/2020\/12\/WhatsApp-Image-2020-11-30-at-2.44.06-PM1.jpeg\" alt=\"\" width=\"1080\" height=\"756\" srcset=\"https:\/\/mppee.gob.ve\/wp-content\/uploads\/2020\/12\/WhatsApp-Image-2020-11-30-at-2.44.06-PM1.jpeg 1080w, https:\/\/mppee.gob.ve\/wp-content\/uploads\/2020\/12\/WhatsApp-Image-2020-11-30-at-2.44.06-PM1-300x210.jpeg 300w, https:\/\/mppee.gob.ve\/wp-content\/uploads\/2020\/12\/WhatsApp-Image-2020-11-30-at-2.44.06-PM1-1024x717.jpeg 1024w, https:\/\/mppee.gob.ve\/wp-content\/uploads\/2020\/12\/WhatsApp-Image-2020-11-30-at-2.44.06-PM1-768x538.jpeg 768w, https:\/\/mppee.gob.ve\/wp-content\/uploads\/2020\/12\/WhatsApp-Image-2020-11-30-at-2.44.06-PM1-130x90.jpeg 130w\" sizes=\"auto, (max-width: 1080px) 100vw, 1080px\" \/><\/p>\n","protected":false},"excerpt":{"rendered":"<p>Cumpliendo instrucciones del Presidente Nicol\u00e1s Maduro, este lunes el Vicepresidente Sectorial de Obras Publicas y Servicios, G\/J N\u00e9stor Reverol, encabez\u00f3<\/p>\n","protected":false},"author":12,"featured_media":82904,"comment_status":"open","ping_status":"open","sticky":false,"template":"","format":"standard","meta":{"footnotes":""},"categories":[15],"tags":[11],"class_list":["post-82925","post","type-post","status-publish","format-standard","has-post-thumbnail","hentry","category-nacionales","tag-mppee"],"_links":{"self":[{"href":"https:\/\/mppee.gob.ve\/index.php?rest_route=\/wp\/v2\/posts\/82925","targetHints":{"allow":["GET"]}}],"collection":[{"href":"https:\/\/mppee.gob.ve\/index.php?rest_route=\/wp\/v2\/posts"}],"about":[{"href":"https:\/\/mppee.gob.ve\/index.php?rest_route=\/wp\/v2\/types\/post"}],"author":[{"embeddable":true,"href":"https:\/\/mppee.gob.ve\/index.php?rest_route=\/wp\/v2\/users\/12"}],"replies":[{"embeddable":true,"href":"https:\/\/mppee.gob.ve\/index.php?rest_route=%2Fwp%2Fv2%2Fcomments&post=82925"}],"version-history":[{"count":1,"href":"https:\/\/mppee.gob.ve\/index.php?rest_route=\/wp\/v2\/posts\/82925\/revisions"}],"predecessor-version":[{"id":82926,"href":"https:\/\/mppee.gob.ve\/index.php?rest_route=\/wp\/v2\/posts\/82925\/revisions\/82926"}],"wp:featuredmedia":[{"embeddable":true,"href":"https:\/\/mppee.gob.ve\/index.php?rest_route=\/wp\/v2\/media\/82904"}],"wp:attachment":[{"href":"https:\/\/mppee.gob.ve\/index.php?rest_route=%2Fwp%2Fv2%2Fmedia&parent=82925"}],"wp:term":[{"taxonomy":"category","embeddable":true,"href":"https:\/\/mppee.gob.ve\/index.php?rest_route=%2Fwp%2Fv2%2Fcategories&post=82925"},{"taxonomy":"post_tag","embeddable":true,"href":"https:\/\/mppee.gob.ve\/index.php?rest_route=%2Fwp%2Fv2%2Ftags&post=82925"}],"curies":[{"name":"wp","href":"https:\/\/api.w.org\/{rel}","templated":true}]}}