{"id":82927,"date":"2020-11-30T15:06:00","date_gmt":"2020-11-30T15:06:00","guid":{"rendered":"http:\/\/10.200.87.50\/mppee\/?p=82927"},"modified":"2020-12-02T15:09:57","modified_gmt":"2020-12-02T15:09:57","slug":"vicepresidencia-sectorial-de-obras-publicas-y-servicios-atendera-cualquier-situacion-durante-los-comicios-parlamentarios","status":"publish","type":"post","link":"https:\/\/mppee.gob.ve\/?p=82927","title":{"rendered":"Vicepresidencia Sectorial de Obras P\u00fablicas y Servicios atender\u00e1 cualquier situaci\u00f3n durante los comicios parlamentarios"},"content":{"rendered":"<p style=\"text-align: justify;\"><img loading=\"lazy\" decoding=\"async\" class=\"size-medium wp-image-82906 alignleft\" src=\"http:\/\/10.200.87.50\/mppee\/wp-content\/uploads\/2020\/12\/WhatsApp-Image-2020-11-30-at-5.40.01-PM2-300x260.jpeg\" alt=\"\" width=\"300\" height=\"260\" srcset=\"https:\/\/mppee.gob.ve\/wp-content\/uploads\/2020\/12\/WhatsApp-Image-2020-11-30-at-5.40.01-PM2-300x260.jpeg 300w, https:\/\/mppee.gob.ve\/wp-content\/uploads\/2020\/12\/WhatsApp-Image-2020-11-30-at-5.40.01-PM2-1024x887.jpeg 1024w, https:\/\/mppee.gob.ve\/wp-content\/uploads\/2020\/12\/WhatsApp-Image-2020-11-30-at-5.40.01-PM2-768x665.jpeg 768w, https:\/\/mppee.gob.ve\/wp-content\/uploads\/2020\/12\/WhatsApp-Image-2020-11-30-at-5.40.01-PM2.jpeg 1080w\" sizes=\"auto, (max-width: 300px) 100vw, 300px\" \/>Este lunes el Vicepresidente Sectorial de Obras P\u00fablicas y Servicios, G\/J N\u00e9stor Reverol, realiz\u00f3 una reuni\u00f3n con la finalidad de supervisar la ejecuci\u00f3n de los planes desarrollados para la eficiencia de los servicios p\u00fablicos en el pa\u00eds, as\u00ed lo destac\u00f3 a trav\u00e9s de su cuenta en la red social Instagram @reverolnestor.<\/p>\n<p style=\"text-align: justify;\">El titular de este Despacho apunt\u00f3 \u201cnos hemos puesto a la orden del Poder Electoral para apoyar en el cumplimiento de los objetivos durante las elecciones parlamentarias del pr\u00f3ximo 6 de diciembre.<\/p>\n<p style=\"text-align: justify;\">Manifest\u00f3 que se ha alcanzado con la meta prevista para el mes de noviembre en cuanto al incremento de la producci\u00f3n de gas dom\u00e9stico e indic\u00f3 que se prepar\u00f3 un plan de distribuci\u00f3n territorial para fortalecer este servicio.<\/p>\n<p style=\"text-align: justify;\"><img loading=\"lazy\" decoding=\"async\" class=\"size-medium wp-image-82907 alignright\" src=\"http:\/\/10.200.87.50\/mppee\/wp-content\/uploads\/2020\/12\/WhatsApp-Image-2020-11-30-at-5.40.01-PM1-300x206.jpeg\" alt=\"\" width=\"300\" height=\"206\" srcset=\"https:\/\/mppee.gob.ve\/wp-content\/uploads\/2020\/12\/WhatsApp-Image-2020-11-30-at-5.40.01-PM1-300x206.jpeg 300w, https:\/\/mppee.gob.ve\/wp-content\/uploads\/2020\/12\/WhatsApp-Image-2020-11-30-at-5.40.01-PM1-1024x702.jpeg 1024w, https:\/\/mppee.gob.ve\/wp-content\/uploads\/2020\/12\/WhatsApp-Image-2020-11-30-at-5.40.01-PM1-768x526.jpeg 768w, https:\/\/mppee.gob.ve\/wp-content\/uploads\/2020\/12\/WhatsApp-Image-2020-11-30-at-5.40.01-PM1-130x90.jpeg 130w, https:\/\/mppee.gob.ve\/wp-content\/uploads\/2020\/12\/WhatsApp-Image-2020-11-30-at-5.40.01-PM1.jpeg 1080w\" sizes=\"auto, (max-width: 300px) 100vw, 300px\" \/>El tambi\u00e9n Ministro para la Energ\u00eda El\u00e9ctrica enfatiz\u00f3 que en el \u00e1rea de transporte, se ha logrado aumentar el n\u00famero de trenes en el Metro de Caracas para cumplir con las normativas de bioseguridad durante la pandemia por la COVID-19.<\/p>\n<p style=\"text-align: justify;\">Detall\u00f3 que a trav\u00e9s de Barrio Nuevo, Barrio Tricolor se han articulado los esfuerzos necesarios para rehabilitar las instalaciones el\u00e9ctricas en todo el territorio nacional.<\/p>\n<p style=\"text-align: justify;\"><strong>Corpoelec\/ Alejandro Le\u00f3n<\/strong><\/p>\n<p><img loading=\"lazy\" decoding=\"async\" class=\"aligncenter wp-image-82906 size-full\" src=\"http:\/\/10.200.87.50\/mppee\/wp-content\/uploads\/2020\/12\/WhatsApp-Image-2020-11-30-at-5.40.01-PM2.jpeg\" alt=\"\" width=\"1080\" height=\"935\" srcset=\"https:\/\/mppee.gob.ve\/wp-content\/uploads\/2020\/12\/WhatsApp-Image-2020-11-30-at-5.40.01-PM2.jpeg 1080w, https:\/\/mppee.gob.ve\/wp-content\/uploads\/2020\/12\/WhatsApp-Image-2020-11-30-at-5.40.01-PM2-300x260.jpeg 300w, https:\/\/mppee.gob.ve\/wp-content\/uploads\/2020\/12\/WhatsApp-Image-2020-11-30-at-5.40.01-PM2-1024x887.jpeg 1024w, https:\/\/mppee.gob.ve\/wp-content\/uploads\/2020\/12\/WhatsApp-Image-2020-11-30-at-5.40.01-PM2-768x665.jpeg 768w\" sizes=\"auto, (max-width: 1080px) 100vw, 1080px\" \/><\/p>\n","protected":false},"excerpt":{"rendered":"<p>Este lunes el Vicepresidente Sectorial de Obras P\u00fablicas y Servicios, G\/J N\u00e9stor Reverol, realiz\u00f3 una reuni\u00f3n con la finalidad de<\/p>\n","protected":false},"author":12,"featured_media":82909,"comment_status":"open","ping_status":"open","sticky":false,"template":"","format":"standard","meta":{"footnotes":""},"categories":[15],"tags":[11],"class_list":["post-82927","post","type-post","status-publish","format-standard","has-post-thumbnail","hentry","category-nacionales","tag-mppee"],"_links":{"self":[{"href":"https:\/\/mppee.gob.ve\/index.php?rest_route=\/wp\/v2\/posts\/82927","targetHints":{"allow":["GET"]}}],"collection":[{"href":"https:\/\/mppee.gob.ve\/index.php?rest_route=\/wp\/v2\/posts"}],"about":[{"href":"https:\/\/mppee.gob.ve\/index.php?rest_route=\/wp\/v2\/types\/post"}],"author":[{"embeddable":true,"href":"https:\/\/mppee.gob.ve\/index.php?rest_route=\/wp\/v2\/users\/12"}],"replies":[{"embeddable":true,"href":"https:\/\/mppee.gob.ve\/index.php?rest_route=%2Fwp%2Fv2%2Fcomments&post=82927"}],"version-history":[{"count":2,"href":"https:\/\/mppee.gob.ve\/index.php?rest_route=\/wp\/v2\/posts\/82927\/revisions"}],"predecessor-version":[{"id":82929,"href":"https:\/\/mppee.gob.ve\/index.php?rest_route=\/wp\/v2\/posts\/82927\/revisions\/82929"}],"wp:featuredmedia":[{"embeddable":true,"href":"https:\/\/mppee.gob.ve\/index.php?rest_route=\/wp\/v2\/media\/82909"}],"wp:attachment":[{"href":"https:\/\/mppee.gob.ve\/index.php?rest_route=%2Fwp%2Fv2%2Fmedia&parent=82927"}],"wp:term":[{"taxonomy":"category","embeddable":true,"href":"https:\/\/mppee.gob.ve\/index.php?rest_route=%2Fwp%2Fv2%2Fcategories&post=82927"},{"taxonomy":"post_tag","embeddable":true,"href":"https:\/\/mppee.gob.ve\/index.php?rest_route=%2Fwp%2Fv2%2Ftags&post=82927"}],"curies":[{"name":"wp","href":"https:\/\/api.w.org\/{rel}","templated":true}]}}