{"id":82932,"date":"2020-11-30T15:12:00","date_gmt":"2020-11-30T15:12:00","guid":{"rendered":"http:\/\/10.200.87.50\/mppee\/?p=82932"},"modified":"2020-12-02T15:14:04","modified_gmt":"2020-12-02T15:14:04","slug":"ministro-reverol-torres-sostuvo-reunion-para-evaluar-el-reimpulso-del-sen","status":"publish","type":"post","link":"https:\/\/mppee.gob.ve\/?p=82932","title":{"rendered":"Ministro Reverol Torres sostuvo reuni\u00f3n para evaluar el reimpulso del SEN"},"content":{"rendered":"<p style=\"text-align: justify;\"><img loading=\"lazy\" decoding=\"async\" class=\"size-medium wp-image-82916 alignleft\" src=\"http:\/\/10.200.87.50\/mppee\/wp-content\/uploads\/2020\/12\/WhatsApp-Image-2020-11-30-at-7.42.49-PM-300x200.jpeg\" alt=\"\" width=\"300\" height=\"200\" srcset=\"https:\/\/mppee.gob.ve\/wp-content\/uploads\/2020\/12\/WhatsApp-Image-2020-11-30-at-7.42.49-PM-300x200.jpeg 300w, https:\/\/mppee.gob.ve\/wp-content\/uploads\/2020\/12\/WhatsApp-Image-2020-11-30-at-7.42.49-PM-768x512.jpeg 768w, https:\/\/mppee.gob.ve\/wp-content\/uploads\/2020\/12\/WhatsApp-Image-2020-11-30-at-7.42.49-PM.jpeg 912w\" sizes=\"auto, (max-width: 300px) 100vw, 300px\" \/>Este el lunes el ministro del Poder Popular para la Energ\u00eda El\u00e9ctrica, G\/J N\u00e9stor Reverol, sostuvo una reuni\u00f3n en aras de evaluar el reimpulso del sistema el\u00e9ctrico nacional, as\u00ed lo indic\u00f3 a trav\u00e9s de su cuenta en la red social Instagram @reverolnestor.<\/p>\n<p style=\"text-align: justify;\">Manifest\u00f3 que se ejecut\u00f3 este encuentro de trabajo con los Viceministros y Directores Generales del MPPEE en conjunto con Gerentes Generales de las unidades sustantivas de la Corporaci\u00f3n El\u00e9ctrica Nacional (Corpoelec), a fin de evaluar el plan de acci\u00f3n que busca garantizar la estabilizaci\u00f3n del Sistema El\u00e9ctrico Nacional.<\/p>\n<p style=\"text-align: justify;\">El tambi\u00e9n Vicepresidente Sectorial de Obras Publicas y Servicios, asever\u00f3 que se est\u00e1n desarrollando las propuestas para la nueva estructura organizativa, de un sistema \u00fanico de mantenimiento, de telecomunicaciones, adem\u00e1s de la comisi\u00f3n de finanzas, de seguimiento y control de todo el sector el\u00e9ctrico nacional.<\/p>\n<p style=\"text-align: justify;\"><strong>Corpoelec\/ Alejandro Le\u00f3n<\/strong><\/p>\n<p><img loading=\"lazy\" decoding=\"async\" class=\"aligncenter wp-image-82915 size-full\" src=\"http:\/\/10.200.87.50\/mppee\/wp-content\/uploads\/2020\/12\/WhatsApp-Image-2020-11-30-at-7.42.50-PM.jpeg\" alt=\"\" width=\"912\" height=\"608\" srcset=\"https:\/\/mppee.gob.ve\/wp-content\/uploads\/2020\/12\/WhatsApp-Image-2020-11-30-at-7.42.50-PM.jpeg 912w, https:\/\/mppee.gob.ve\/wp-content\/uploads\/2020\/12\/WhatsApp-Image-2020-11-30-at-7.42.50-PM-300x200.jpeg 300w, https:\/\/mppee.gob.ve\/wp-content\/uploads\/2020\/12\/WhatsApp-Image-2020-11-30-at-7.42.50-PM-768x512.jpeg 768w\" sizes=\"auto, (max-width: 912px) 100vw, 912px\" \/> <img loading=\"lazy\" decoding=\"async\" class=\"aligncenter wp-image-82914 size-full\" src=\"http:\/\/10.200.87.50\/mppee\/wp-content\/uploads\/2020\/12\/WhatsApp-Image-2020-11-30-at-7.42.50-PM1.jpeg\" alt=\"\" width=\"912\" height=\"608\" srcset=\"https:\/\/mppee.gob.ve\/wp-content\/uploads\/2020\/12\/WhatsApp-Image-2020-11-30-at-7.42.50-PM1.jpeg 912w, https:\/\/mppee.gob.ve\/wp-content\/uploads\/2020\/12\/WhatsApp-Image-2020-11-30-at-7.42.50-PM1-300x200.jpeg 300w, https:\/\/mppee.gob.ve\/wp-content\/uploads\/2020\/12\/WhatsApp-Image-2020-11-30-at-7.42.50-PM1-768x512.jpeg 768w\" sizes=\"auto, (max-width: 912px) 100vw, 912px\" \/><\/p>\n","protected":false},"excerpt":{"rendered":"<p>Este el lunes el ministro del Poder Popular para la Energ\u00eda El\u00e9ctrica, G\/J N\u00e9stor Reverol, sostuvo una reuni\u00f3n en aras<\/p>\n","protected":false},"author":12,"featured_media":82917,"comment_status":"open","ping_status":"open","sticky":false,"template":"","format":"standard","meta":{"footnotes":""},"categories":[1],"tags":[11],"class_list":["post-82932","post","type-post","status-publish","format-standard","has-post-thumbnail","hentry","category-mppee","tag-mppee"],"_links":{"self":[{"href":"https:\/\/mppee.gob.ve\/index.php?rest_route=\/wp\/v2\/posts\/82932","targetHints":{"allow":["GET"]}}],"collection":[{"href":"https:\/\/mppee.gob.ve\/index.php?rest_route=\/wp\/v2\/posts"}],"about":[{"href":"https:\/\/mppee.gob.ve\/index.php?rest_route=\/wp\/v2\/types\/post"}],"author":[{"embeddable":true,"href":"https:\/\/mppee.gob.ve\/index.php?rest_route=\/wp\/v2\/users\/12"}],"replies":[{"embeddable":true,"href":"https:\/\/mppee.gob.ve\/index.php?rest_route=%2Fwp%2Fv2%2Fcomments&post=82932"}],"version-history":[{"count":1,"href":"https:\/\/mppee.gob.ve\/index.php?rest_route=\/wp\/v2\/posts\/82932\/revisions"}],"predecessor-version":[{"id":82933,"href":"https:\/\/mppee.gob.ve\/index.php?rest_route=\/wp\/v2\/posts\/82932\/revisions\/82933"}],"wp:featuredmedia":[{"embeddable":true,"href":"https:\/\/mppee.gob.ve\/index.php?rest_route=\/wp\/v2\/media\/82917"}],"wp:attachment":[{"href":"https:\/\/mppee.gob.ve\/index.php?rest_route=%2Fwp%2Fv2%2Fmedia&parent=82932"}],"wp:term":[{"taxonomy":"category","embeddable":true,"href":"https:\/\/mppee.gob.ve\/index.php?rest_route=%2Fwp%2Fv2%2Fcategories&post=82932"},{"taxonomy":"post_tag","embeddable":true,"href":"https:\/\/mppee.gob.ve\/index.php?rest_route=%2Fwp%2Fv2%2Ftags&post=82932"}],"curies":[{"name":"wp","href":"https:\/\/api.w.org\/{rel}","templated":true}]}}