{"id":83053,"date":"2020-12-04T14:36:29","date_gmt":"2020-12-04T14:36:29","guid":{"rendered":"http:\/\/10.200.87.50\/mppee\/?p=83053"},"modified":"2020-12-18T14:40:28","modified_gmt":"2020-12-18T14:40:28","slug":"mppee-realizo-recorrido-por-planta-de-recuperacion-de-transformadores-y-escuela-de-linieros-en-la-yaguara","status":"publish","type":"post","link":"https:\/\/mppee.gob.ve\/?p=83053","title":{"rendered":"MPPEE realiz\u00f3 recorrido por Planta de Recuperaci\u00f3n de Transformadores y Escuela de Linieros en la Yaguara"},"content":{"rendered":"<p style=\"text-align: justify;\"><img loading=\"lazy\" decoding=\"async\" class=\"size-medium wp-image-83048 alignleft\" src=\"http:\/\/10.200.87.50\/mppee\/wp-content\/uploads\/2020\/12\/WhatsApp-Image-2020-12-04-at-2.48.31-PM2-1-300x225.jpeg\" alt=\"\" width=\"300\" height=\"225\" srcset=\"https:\/\/mppee.gob.ve\/wp-content\/uploads\/2020\/12\/WhatsApp-Image-2020-12-04-at-2.48.31-PM2-1-300x225.jpeg 300w, https:\/\/mppee.gob.ve\/wp-content\/uploads\/2020\/12\/WhatsApp-Image-2020-12-04-at-2.48.31-PM2-1-1024x768.jpeg 1024w, https:\/\/mppee.gob.ve\/wp-content\/uploads\/2020\/12\/WhatsApp-Image-2020-12-04-at-2.48.31-PM2-1-768x576.jpeg 768w, https:\/\/mppee.gob.ve\/wp-content\/uploads\/2020\/12\/WhatsApp-Image-2020-12-04-at-2.48.31-PM2-1.jpeg 1280w\" sizes=\"auto, (max-width: 300px) 100vw, 300px\" \/>El Vicepresidente Sectorial para Obras P\u00fablicas y Servicios, G\/J N\u00e9stor Reverol, realiz\u00f3 una inspecci\u00f3n en la Planta de Recuperaci\u00f3n de Transformadores y la Escuela de Linieros ubicadas en el Centro de Servicio La Yaguara.<\/p>\n<p style=\"text-align: justify;\">El tambi\u00e9n Ministro de Energ\u00eda El\u00e9ctrica resalt\u00f3, en d\u00edas anteriores, la importancia que tienen los talleres de recuperaci\u00f3n de transformadores para el Sistema El\u00e9ctrico Nacional (SEN).<\/p>\n<p style=\"text-align: justify;\">A trav\u00e9s de su cuenta social de Instagram @reverolnestor, exalt\u00f3 la labor que desempe\u00f1a la clase obrera que hace vida en la corporaci\u00f3n e invit\u00f3 a continuar con la formaci\u00f3n de la fuerza laboral que actualmente se encuentra recibiendo cursos en materia el\u00e9ctrica.<\/p>\n<p style=\"text-align: justify;\">Para finalizar felicit\u00f3 a los trabajadores que, en medio de la pandemia, la guerra multiforme y econ\u00f3mica se mantienen en pie de lucha aportando su granito de arena para el fortalecimiento del SEN.<\/p>\n<p style=\"text-align: justify;\"><strong>Prensa MPPEE<\/strong><\/p>\n<p><img loading=\"lazy\" decoding=\"async\" class=\"aligncenter wp-image-83046 size-full\" src=\"http:\/\/10.200.87.50\/mppee\/wp-content\/uploads\/2020\/12\/WhatsApp-Image-2020-12-04-at-2.48.31-PM-1.jpeg\" alt=\"\" width=\"1080\" height=\"727\" srcset=\"https:\/\/mppee.gob.ve\/wp-content\/uploads\/2020\/12\/WhatsApp-Image-2020-12-04-at-2.48.31-PM-1.jpeg 1080w, https:\/\/mppee.gob.ve\/wp-content\/uploads\/2020\/12\/WhatsApp-Image-2020-12-04-at-2.48.31-PM-1-300x202.jpeg 300w, https:\/\/mppee.gob.ve\/wp-content\/uploads\/2020\/12\/WhatsApp-Image-2020-12-04-at-2.48.31-PM-1-1024x689.jpeg 1024w, https:\/\/mppee.gob.ve\/wp-content\/uploads\/2020\/12\/WhatsApp-Image-2020-12-04-at-2.48.31-PM-1-768x517.jpeg 768w\" sizes=\"auto, (max-width: 1080px) 100vw, 1080px\" \/> <img loading=\"lazy\" decoding=\"async\" class=\"aligncenter wp-image-83049 size-full\" src=\"http:\/\/10.200.87.50\/mppee\/wp-content\/uploads\/2020\/12\/WhatsApp-Image-2020-12-04-at-2.48.30-PM-1.jpeg\" alt=\"\" width=\"912\" height=\"608\" srcset=\"https:\/\/mppee.gob.ve\/wp-content\/uploads\/2020\/12\/WhatsApp-Image-2020-12-04-at-2.48.30-PM-1.jpeg 912w, https:\/\/mppee.gob.ve\/wp-content\/uploads\/2020\/12\/WhatsApp-Image-2020-12-04-at-2.48.30-PM-1-300x200.jpeg 300w, https:\/\/mppee.gob.ve\/wp-content\/uploads\/2020\/12\/WhatsApp-Image-2020-12-04-at-2.48.30-PM-1-768x512.jpeg 768w\" sizes=\"auto, (max-width: 912px) 100vw, 912px\" \/><\/p>\n","protected":false},"excerpt":{"rendered":"<p>El Vicepresidente Sectorial para Obras P\u00fablicas y Servicios, G\/J N\u00e9stor Reverol, realiz\u00f3 una inspecci\u00f3n en la Planta de Recuperaci\u00f3n de<\/p>\n","protected":false},"author":12,"featured_media":83047,"comment_status":"open","ping_status":"open","sticky":false,"template":"","format":"standard","meta":{"footnotes":""},"categories":[15],"tags":[11],"class_list":["post-83053","post","type-post","status-publish","format-standard","has-post-thumbnail","hentry","category-nacionales","tag-mppee"],"_links":{"self":[{"href":"https:\/\/mppee.gob.ve\/index.php?rest_route=\/wp\/v2\/posts\/83053","targetHints":{"allow":["GET"]}}],"collection":[{"href":"https:\/\/mppee.gob.ve\/index.php?rest_route=\/wp\/v2\/posts"}],"about":[{"href":"https:\/\/mppee.gob.ve\/index.php?rest_route=\/wp\/v2\/types\/post"}],"author":[{"embeddable":true,"href":"https:\/\/mppee.gob.ve\/index.php?rest_route=\/wp\/v2\/users\/12"}],"replies":[{"embeddable":true,"href":"https:\/\/mppee.gob.ve\/index.php?rest_route=%2Fwp%2Fv2%2Fcomments&post=83053"}],"version-history":[{"count":1,"href":"https:\/\/mppee.gob.ve\/index.php?rest_route=\/wp\/v2\/posts\/83053\/revisions"}],"predecessor-version":[{"id":83054,"href":"https:\/\/mppee.gob.ve\/index.php?rest_route=\/wp\/v2\/posts\/83053\/revisions\/83054"}],"wp:featuredmedia":[{"embeddable":true,"href":"https:\/\/mppee.gob.ve\/index.php?rest_route=\/wp\/v2\/media\/83047"}],"wp:attachment":[{"href":"https:\/\/mppee.gob.ve\/index.php?rest_route=%2Fwp%2Fv2%2Fmedia&parent=83053"}],"wp:term":[{"taxonomy":"category","embeddable":true,"href":"https:\/\/mppee.gob.ve\/index.php?rest_route=%2Fwp%2Fv2%2Fcategories&post=83053"},{"taxonomy":"post_tag","embeddable":true,"href":"https:\/\/mppee.gob.ve\/index.php?rest_route=%2Fwp%2Fv2%2Ftags&post=83053"}],"curies":[{"name":"wp","href":"https:\/\/api.w.org\/{rel}","templated":true}]}}