{"id":83062,"date":"2020-12-06T14:47:30","date_gmt":"2020-12-06T14:47:30","guid":{"rendered":"http:\/\/10.200.87.50\/mppee\/?p=83062"},"modified":"2020-12-18T14:53:41","modified_gmt":"2020-12-18T14:53:41","slug":"fuerza-trabajadora-del-sector-electrico-se-mantiene-alerta-ante-cualquier-reporte-que-obstaculice-el-ejercicio-al-sufragio","status":"publish","type":"post","link":"https:\/\/mppee.gob.ve\/?p=83062","title":{"rendered":"Fuerza trabajadora del sector el\u00e9ctrico se mantiene alerta ante cualquier reporte que obstaculice el ejercicio al sufragio"},"content":{"rendered":"<p style=\"text-align: justify;\"><img loading=\"lazy\" decoding=\"async\" class=\"size-medium wp-image-83064 alignleft\" src=\"http:\/\/10.200.87.50\/mppee\/wp-content\/uploads\/2020\/12\/WhatsApp-Image-2020-12-06-at-5.44.06-PM1-300x200.jpeg\" alt=\"\" width=\"300\" height=\"200\" srcset=\"https:\/\/mppee.gob.ve\/wp-content\/uploads\/2020\/12\/WhatsApp-Image-2020-12-06-at-5.44.06-PM1-300x200.jpeg 300w, https:\/\/mppee.gob.ve\/wp-content\/uploads\/2020\/12\/WhatsApp-Image-2020-12-06-at-5.44.06-PM1-768x512.jpeg 768w, https:\/\/mppee.gob.ve\/wp-content\/uploads\/2020\/12\/WhatsApp-Image-2020-12-06-at-5.44.06-PM1.jpeg 912w\" sizes=\"auto, (max-width: 300px) 100vw, 300px\" \/>El Vicepresidente Sectorial de Obras P\u00fablicas y Servicios, G\/J N\u00e9stor Reverol, destac\u00f3 la participaci\u00f3n de la fuerza trabajadora en los 24 centros operativos de distribuci\u00f3n del sector el\u00e9ctrico, donde se mantienen alerta ante cualquier evento que obstaculice al pueblo a ejercer su derecho al voto durante esta fiesta democr\u00e1tica.<\/p>\n<p style=\"text-align: justify;\">Desde la Sala Situacional del Ministerio del Poder Popular para la Energ\u00eda El\u00e9ctrica, Reverol destac\u00f3 que m\u00e1s de mil 500 cuadrillas se encuentran desplegadas en el territorio nacional, con el objetivo de atender cualquier eventualidad que se pudiese presentar. <strong>\u201cHasta ahora el proceso electoral se ha desarrollado sin ning\u00fan contratiempo\u201d<\/strong>, recalc\u00f3.<\/p>\n<p style=\"text-align: justify;\">El tambi\u00e9n Ministro de la Energ\u00eda El\u00e9ctrica acot\u00f3 que el equipo de viceministros, directores y gerentes generales de esta cartera se mantienen desplegados para garantizar la seguridad y estabilidad del SEN. <strong>\u201cSeguiremos supervisando las acciones hasta que concluya el proceso electoral\u201d<\/strong>, finaliz\u00f3.<\/p>\n<p style=\"text-align: justify;\"><strong>Prensa Corpoelec<br \/>\n<\/strong><\/p>\n<p><img loading=\"lazy\" decoding=\"async\" class=\"aligncenter wp-image-83066 size-full\" src=\"http:\/\/10.200.87.50\/mppee\/wp-content\/uploads\/2020\/12\/WhatsApp-Image-2020-12-06-at-5.44.08-PM.jpeg\" alt=\"\" width=\"912\" height=\"608\" srcset=\"https:\/\/mppee.gob.ve\/wp-content\/uploads\/2020\/12\/WhatsApp-Image-2020-12-06-at-5.44.08-PM.jpeg 912w, https:\/\/mppee.gob.ve\/wp-content\/uploads\/2020\/12\/WhatsApp-Image-2020-12-06-at-5.44.08-PM-300x200.jpeg 300w, https:\/\/mppee.gob.ve\/wp-content\/uploads\/2020\/12\/WhatsApp-Image-2020-12-06-at-5.44.08-PM-768x512.jpeg 768w\" sizes=\"auto, (max-width: 912px) 100vw, 912px\" \/> <img loading=\"lazy\" decoding=\"async\" class=\"aligncenter wp-image-83065 size-full\" src=\"http:\/\/10.200.87.50\/mppee\/wp-content\/uploads\/2020\/12\/WhatsApp-Image-2020-12-06-at-5.44.07-PM.jpeg\" alt=\"\" width=\"1080\" height=\"719\" srcset=\"https:\/\/mppee.gob.ve\/wp-content\/uploads\/2020\/12\/WhatsApp-Image-2020-12-06-at-5.44.07-PM.jpeg 1080w, https:\/\/mppee.gob.ve\/wp-content\/uploads\/2020\/12\/WhatsApp-Image-2020-12-06-at-5.44.07-PM-300x200.jpeg 300w, https:\/\/mppee.gob.ve\/wp-content\/uploads\/2020\/12\/WhatsApp-Image-2020-12-06-at-5.44.07-PM-1024x682.jpeg 1024w, https:\/\/mppee.gob.ve\/wp-content\/uploads\/2020\/12\/WhatsApp-Image-2020-12-06-at-5.44.07-PM-768x511.jpeg 768w\" sizes=\"auto, (max-width: 1080px) 100vw, 1080px\" \/><\/p>\n","protected":false},"excerpt":{"rendered":"<p>El Vicepresidente Sectorial de Obras P\u00fablicas y Servicios, G\/J N\u00e9stor Reverol, destac\u00f3 la participaci\u00f3n de la fuerza trabajadora en los<\/p>\n","protected":false},"author":12,"featured_media":83063,"comment_status":"open","ping_status":"open","sticky":false,"template":"","format":"standard","meta":{"footnotes":""},"categories":[15],"tags":[11],"class_list":["post-83062","post","type-post","status-publish","format-standard","has-post-thumbnail","hentry","category-nacionales","tag-mppee"],"_links":{"self":[{"href":"https:\/\/mppee.gob.ve\/index.php?rest_route=\/wp\/v2\/posts\/83062","targetHints":{"allow":["GET"]}}],"collection":[{"href":"https:\/\/mppee.gob.ve\/index.php?rest_route=\/wp\/v2\/posts"}],"about":[{"href":"https:\/\/mppee.gob.ve\/index.php?rest_route=\/wp\/v2\/types\/post"}],"author":[{"embeddable":true,"href":"https:\/\/mppee.gob.ve\/index.php?rest_route=\/wp\/v2\/users\/12"}],"replies":[{"embeddable":true,"href":"https:\/\/mppee.gob.ve\/index.php?rest_route=%2Fwp%2Fv2%2Fcomments&post=83062"}],"version-history":[{"count":1,"href":"https:\/\/mppee.gob.ve\/index.php?rest_route=\/wp\/v2\/posts\/83062\/revisions"}],"predecessor-version":[{"id":83067,"href":"https:\/\/mppee.gob.ve\/index.php?rest_route=\/wp\/v2\/posts\/83062\/revisions\/83067"}],"wp:featuredmedia":[{"embeddable":true,"href":"https:\/\/mppee.gob.ve\/index.php?rest_route=\/wp\/v2\/media\/83063"}],"wp:attachment":[{"href":"https:\/\/mppee.gob.ve\/index.php?rest_route=%2Fwp%2Fv2%2Fmedia&parent=83062"}],"wp:term":[{"taxonomy":"category","embeddable":true,"href":"https:\/\/mppee.gob.ve\/index.php?rest_route=%2Fwp%2Fv2%2Fcategories&post=83062"},{"taxonomy":"post_tag","embeddable":true,"href":"https:\/\/mppee.gob.ve\/index.php?rest_route=%2Fwp%2Fv2%2Ftags&post=83062"}],"curies":[{"name":"wp","href":"https:\/\/api.w.org\/{rel}","templated":true}]}}