{"id":83226,"date":"2021-01-08T13:17:00","date_gmt":"2021-01-08T13:17:00","guid":{"rendered":"http:\/\/10.200.87.50\/mppee\/?p=83226"},"modified":"2021-01-12T13:23:54","modified_gmt":"2021-01-12T13:23:54","slug":"autoridades-acuerdan-planes-de-accion-en-materia-de-servicios-publicos-en-el-pais-para-este-2021","status":"publish","type":"post","link":"https:\/\/mppee.gob.ve\/?p=83226","title":{"rendered":"Autoridades acuerdan planes de acci\u00f3n en materia de servicios p\u00fablicos en el pa\u00eds para este 2021"},"content":{"rendered":"<p style=\"text-align: justify\"><img loading=\"lazy\" decoding=\"async\" class=\"size-medium wp-image-83229 alignleft\" src=\"http:\/\/10.200.87.50\/mppee\/wp-content\/uploads\/2021\/01\/3-1-300x248.jpeg\" alt=\"\" width=\"300\" height=\"248\" srcset=\"https:\/\/mppee.gob.ve\/wp-content\/uploads\/2021\/01\/3-1-300x248.jpeg 300w, https:\/\/mppee.gob.ve\/wp-content\/uploads\/2021\/01\/3-1-1024x848.jpeg 1024w, https:\/\/mppee.gob.ve\/wp-content\/uploads\/2021\/01\/3-1-768x636.jpeg 768w, https:\/\/mppee.gob.ve\/wp-content\/uploads\/2021\/01\/3-1.jpeg 1080w\" sizes=\"auto, (max-width: 300px) 100vw, 300px\" \/>Este viernes el vicepresidente Sectorial de Obras Publicas y Servicios, G\/J N\u00e9stor Reverol, realiz\u00f3 la primera reuni\u00f3n del a\u00f1o 2021, para evaluar los planes de acci\u00f3n que ser\u00e1n ejecutados en materia de servicio el\u00e9ctrico, suministro de agua potable, distribuci\u00f3n de gas dom\u00e9stico, recolecci\u00f3n de desechos s\u00f3lidos y telecomunicaciones, as\u00ed lo destac\u00f3 a trav\u00e9s de su cuenta en Instagram @reverolnestor.<\/p>\n<p style=\"text-align: justify\">El tambi\u00e9n Ministro del Poder Popular para la Energ\u00eda El\u00e9ctrica, asever\u00f3 que este encuentro se ejecut\u00f3 con \u00e9nfasis en obtener las victorias tempranas del primer semestre de este a\u00f1o, en aras de garantizar un mejor servicio a los venezolanos y venezolanas.<\/p>\n<p style=\"text-align: justify\"><img loading=\"lazy\" decoding=\"async\" class=\"size-medium wp-image-83228 alignright\" src=\"http:\/\/10.200.87.50\/mppee\/wp-content\/uploads\/2021\/01\/2-1-300x200.jpeg\" alt=\"\" width=\"300\" height=\"200\" srcset=\"https:\/\/mppee.gob.ve\/wp-content\/uploads\/2021\/01\/2-1-300x200.jpeg 300w, https:\/\/mppee.gob.ve\/wp-content\/uploads\/2021\/01\/2-1-1024x682.jpeg 1024w, https:\/\/mppee.gob.ve\/wp-content\/uploads\/2021\/01\/2-1-768x511.jpeg 768w, https:\/\/mppee.gob.ve\/wp-content\/uploads\/2021\/01\/2-1.jpeg 1080w\" sizes=\"auto, (max-width: 300px) 100vw, 300px\" \/>Esta reuni\u00f3n se efectu\u00f3 junto a los ministros, viceministros y presidentes de entes relacionados a este gabinete, para buscar las soluciones adecuadas a los servicios p\u00fablicos en el pa\u00eds, ejecutando las acciones necesarias, para seguir avanzando en la construcci\u00f3n de un sistema \u00f3ptimo y velar por el bienestar de la poblaci\u00f3n.<\/p>\n<p style=\"text-align: justify\"><strong>Prensa Corpoelec<\/strong><\/p>\n<p style=\"text-align: justify\"><strong><img loading=\"lazy\" decoding=\"async\" class=\"aligncenter wp-image-83227 size-full\" src=\"http:\/\/10.200.87.50\/mppee\/wp-content\/uploads\/2021\/01\/1-2.jpeg\" alt=\"\" width=\"1080\" height=\"732\" srcset=\"https:\/\/mppee.gob.ve\/wp-content\/uploads\/2021\/01\/1-2.jpeg 1080w, https:\/\/mppee.gob.ve\/wp-content\/uploads\/2021\/01\/1-2-300x203.jpeg 300w, https:\/\/mppee.gob.ve\/wp-content\/uploads\/2021\/01\/1-2-1024x694.jpeg 1024w, https:\/\/mppee.gob.ve\/wp-content\/uploads\/2021\/01\/1-2-768x521.jpeg 768w\" sizes=\"auto, (max-width: 1080px) 100vw, 1080px\" \/><\/strong><\/p>\n","protected":false},"excerpt":{"rendered":"<p>Este viernes el vicepresidente Sectorial de Obras Publicas y Servicios, G\/J N\u00e9stor Reverol, realiz\u00f3 la primera reuni\u00f3n del a\u00f1o 2021,<\/p>\n","protected":false},"author":12,"featured_media":83230,"comment_status":"open","ping_status":"open","sticky":false,"template":"","format":"standard","meta":{"footnotes":""},"categories":[15],"tags":[11],"class_list":["post-83226","post","type-post","status-publish","format-standard","has-post-thumbnail","hentry","category-nacionales","tag-mppee"],"_links":{"self":[{"href":"https:\/\/mppee.gob.ve\/index.php?rest_route=\/wp\/v2\/posts\/83226","targetHints":{"allow":["GET"]}}],"collection":[{"href":"https:\/\/mppee.gob.ve\/index.php?rest_route=\/wp\/v2\/posts"}],"about":[{"href":"https:\/\/mppee.gob.ve\/index.php?rest_route=\/wp\/v2\/types\/post"}],"author":[{"embeddable":true,"href":"https:\/\/mppee.gob.ve\/index.php?rest_route=\/wp\/v2\/users\/12"}],"replies":[{"embeddable":true,"href":"https:\/\/mppee.gob.ve\/index.php?rest_route=%2Fwp%2Fv2%2Fcomments&post=83226"}],"version-history":[{"count":1,"href":"https:\/\/mppee.gob.ve\/index.php?rest_route=\/wp\/v2\/posts\/83226\/revisions"}],"predecessor-version":[{"id":83231,"href":"https:\/\/mppee.gob.ve\/index.php?rest_route=\/wp\/v2\/posts\/83226\/revisions\/83231"}],"wp:featuredmedia":[{"embeddable":true,"href":"https:\/\/mppee.gob.ve\/index.php?rest_route=\/wp\/v2\/media\/83230"}],"wp:attachment":[{"href":"https:\/\/mppee.gob.ve\/index.php?rest_route=%2Fwp%2Fv2%2Fmedia&parent=83226"}],"wp:term":[{"taxonomy":"category","embeddable":true,"href":"https:\/\/mppee.gob.ve\/index.php?rest_route=%2Fwp%2Fv2%2Fcategories&post=83226"},{"taxonomy":"post_tag","embeddable":true,"href":"https:\/\/mppee.gob.ve\/index.php?rest_route=%2Fwp%2Fv2%2Ftags&post=83226"}],"curies":[{"name":"wp","href":"https:\/\/api.w.org\/{rel}","templated":true}]}}