{"id":83232,"date":"2021-01-11T13:27:00","date_gmt":"2021-01-11T13:27:00","guid":{"rendered":"http:\/\/10.200.87.50\/mppee\/?p=83232"},"modified":"2021-01-12T13:34:34","modified_gmt":"2021-01-12T13:34:34","slug":"sector-electrico-toma-acciones-para-reorganizar-comercializacion-del-servicio-en-el-2021","status":"publish","type":"post","link":"https:\/\/mppee.gob.ve\/?p=83232","title":{"rendered":"Sector el\u00e9ctrico toma acciones para reorganizar comercializaci\u00f3n del servicio en el 2021"},"content":{"rendered":"<p style=\"text-align: justify\"><img loading=\"lazy\" decoding=\"async\" class=\"size-medium wp-image-83234 alignleft\" src=\"http:\/\/10.200.87.50\/mppee\/wp-content\/uploads\/2021\/01\/2-2-300x241.jpeg\" alt=\"\" width=\"300\" height=\"241\" srcset=\"https:\/\/mppee.gob.ve\/wp-content\/uploads\/2021\/01\/2-2-300x241.jpeg 300w, https:\/\/mppee.gob.ve\/wp-content\/uploads\/2021\/01\/2-2-1024x823.jpeg 1024w, https:\/\/mppee.gob.ve\/wp-content\/uploads\/2021\/01\/2-2-768x617.jpeg 768w, https:\/\/mppee.gob.ve\/wp-content\/uploads\/2021\/01\/2-2.jpeg 1080w\" sizes=\"auto, (max-width: 300px) 100vw, 300px\" \/>Este lunes, el vicepresidente Sectorial de Obras P\u00fablicas y Servicios, G\/J N\u00e9stor Reverol, sostuvo una reuni\u00f3n, para revisar y reorganizar el proceso de comercializaci\u00f3n del sector el\u00e9ctrico en el pa\u00eds.<\/p>\n<p style=\"text-align: justify\">El encuentro cont\u00f3 con la participaci\u00f3n de los gerentes generales del \u00e1rea econ\u00f3mica de la Corporaci\u00f3n El\u00e9ctrica Nacional (Corpoelec) y se llev\u00f3 a cabo en la sede del Ministerio del Poder Popular para la Energ\u00eda El\u00e9ctrica (Mppee), as\u00ed lo inform\u00f3 el General en Jefe, a trav\u00e9s de su cuenta oficial en la red social Instagram @reverolnestor.<\/p>\n<p style=\"text-align: justify\"><img loading=\"lazy\" decoding=\"async\" class=\"size-medium wp-image-83233 alignleft\" src=\"http:\/\/10.200.87.50\/mppee\/wp-content\/uploads\/2021\/01\/1-3-300x188.jpeg\" alt=\"\" width=\"300\" height=\"188\" srcset=\"https:\/\/mppee.gob.ve\/wp-content\/uploads\/2021\/01\/1-3-300x188.jpeg 300w, https:\/\/mppee.gob.ve\/wp-content\/uploads\/2021\/01\/1-3-1024x643.jpeg 1024w, https:\/\/mppee.gob.ve\/wp-content\/uploads\/2021\/01\/1-3-768x482.jpeg 768w, https:\/\/mppee.gob.ve\/wp-content\/uploads\/2021\/01\/1-3.jpeg 1080w\" sizes=\"auto, (max-width: 300px) 100vw, 300px\" \/>Con este nuevo encuentro se da continuidad al proceso de planificaci\u00f3n para el a\u00f1o 2021, y se profundiza lo acordado en reuniones anteriores con las autoridades de la Estatal el\u00e9ctrica.<\/p>\n<p style=\"text-align: justify\">Estas acciones tienen como finalidad buscar mejoras, para la estabilizaci\u00f3n definitiva del Sistema El\u00e9ctrico Nacional (SEN) y ofrecer un servicio \u00f3ptimo en todo el territorio en beneficio del pueblo venezolano.<\/p>\n<p style=\"text-align: justify\"><strong>\u00a0Prensa Mppee<\/strong><\/p>\n<p><img loading=\"lazy\" decoding=\"async\" class=\"aligncenter wp-image-83235 size-full\" src=\"http:\/\/10.200.87.50\/mppee\/wp-content\/uploads\/2021\/01\/3-2.jpeg\" alt=\"\" width=\"1080\" height=\"666\" srcset=\"https:\/\/mppee.gob.ve\/wp-content\/uploads\/2021\/01\/3-2.jpeg 1080w, https:\/\/mppee.gob.ve\/wp-content\/uploads\/2021\/01\/3-2-300x185.jpeg 300w, https:\/\/mppee.gob.ve\/wp-content\/uploads\/2021\/01\/3-2-1024x631.jpeg 1024w, https:\/\/mppee.gob.ve\/wp-content\/uploads\/2021\/01\/3-2-768x474.jpeg 768w\" sizes=\"auto, (max-width: 1080px) 100vw, 1080px\" \/><\/p>\n","protected":false},"excerpt":{"rendered":"<p>Este lunes, el vicepresidente Sectorial de Obras P\u00fablicas y Servicios, G\/J N\u00e9stor Reverol, sostuvo una reuni\u00f3n, para revisar y reorganizar<\/p>\n","protected":false},"author":12,"featured_media":83236,"comment_status":"open","ping_status":"open","sticky":false,"template":"","format":"standard","meta":{"footnotes":""},"categories":[15],"tags":[11],"class_list":["post-83232","post","type-post","status-publish","format-standard","has-post-thumbnail","hentry","category-nacionales","tag-mppee"],"_links":{"self":[{"href":"https:\/\/mppee.gob.ve\/index.php?rest_route=\/wp\/v2\/posts\/83232","targetHints":{"allow":["GET"]}}],"collection":[{"href":"https:\/\/mppee.gob.ve\/index.php?rest_route=\/wp\/v2\/posts"}],"about":[{"href":"https:\/\/mppee.gob.ve\/index.php?rest_route=\/wp\/v2\/types\/post"}],"author":[{"embeddable":true,"href":"https:\/\/mppee.gob.ve\/index.php?rest_route=\/wp\/v2\/users\/12"}],"replies":[{"embeddable":true,"href":"https:\/\/mppee.gob.ve\/index.php?rest_route=%2Fwp%2Fv2%2Fcomments&post=83232"}],"version-history":[{"count":2,"href":"https:\/\/mppee.gob.ve\/index.php?rest_route=\/wp\/v2\/posts\/83232\/revisions"}],"predecessor-version":[{"id":83239,"href":"https:\/\/mppee.gob.ve\/index.php?rest_route=\/wp\/v2\/posts\/83232\/revisions\/83239"}],"wp:featuredmedia":[{"embeddable":true,"href":"https:\/\/mppee.gob.ve\/index.php?rest_route=\/wp\/v2\/media\/83236"}],"wp:attachment":[{"href":"https:\/\/mppee.gob.ve\/index.php?rest_route=%2Fwp%2Fv2%2Fmedia&parent=83232"}],"wp:term":[{"taxonomy":"category","embeddable":true,"href":"https:\/\/mppee.gob.ve\/index.php?rest_route=%2Fwp%2Fv2%2Fcategories&post=83232"},{"taxonomy":"post_tag","embeddable":true,"href":"https:\/\/mppee.gob.ve\/index.php?rest_route=%2Fwp%2Fv2%2Ftags&post=83232"}],"curies":[{"name":"wp","href":"https:\/\/api.w.org\/{rel}","templated":true}]}}