{"id":83291,"date":"2021-02-03T13:02:00","date_gmt":"2021-02-03T13:02:00","guid":{"rendered":"http:\/\/10.200.87.50\/mppee\/?p=83291"},"modified":"2021-02-05T13:05:44","modified_gmt":"2021-02-05T13:05:44","slug":"adelantan-acciones-del-plan-200-carabobo-en-materia-de-energia-electrica","status":"publish","type":"post","link":"https:\/\/mppee.gob.ve\/?p=83291","title":{"rendered":"Adelantan acciones del Plan 200 Carabobo en materia de energ\u00eda el\u00e9ctrica"},"content":{"rendered":"<p style=\"text-align: justify\"><img loading=\"lazy\" decoding=\"async\" class=\"size-medium wp-image-83294 alignleft\" src=\"http:\/\/10.200.87.50\/mppee\/wp-content\/uploads\/2021\/02\/WhatsApp-Image-2021-02-03-at-9.39.32-PM-300x193.jpeg\" alt=\"\" width=\"300\" height=\"193\" srcset=\"https:\/\/mppee.gob.ve\/wp-content\/uploads\/2021\/02\/WhatsApp-Image-2021-02-03-at-9.39.32-PM-300x193.jpeg 300w, https:\/\/mppee.gob.ve\/wp-content\/uploads\/2021\/02\/WhatsApp-Image-2021-02-03-at-9.39.32-PM-1024x660.jpeg 1024w, https:\/\/mppee.gob.ve\/wp-content\/uploads\/2021\/02\/WhatsApp-Image-2021-02-03-at-9.39.32-PM-768x495.jpeg 768w, https:\/\/mppee.gob.ve\/wp-content\/uploads\/2021\/02\/WhatsApp-Image-2021-02-03-at-9.39.32-PM.jpeg 1080w\" sizes=\"auto, (max-width: 300px) 100vw, 300px\" \/>Este mi\u00e9rcoles, el vicepresidente Sectorial de Obras P\u00fablicas y Servicios, G\/J N\u00e9stor Reverol, sostuvo un encuentro con autoridades del Sistema El\u00e9ctrico Nacional (SEN), a fin de evaluar las acciones del Plan 200 Carabobo que se adelantan en materia energ\u00e9tica.<\/p>\n<p style=\"text-align: justify\">La informaci\u00f3n fue suministrada a trav\u00e9s de su cuenta oficial en la red social Instagram @reverolnestor, donde detall\u00f3 que fueron revisados los planes en los procesos de generaci\u00f3n, transmisi\u00f3n, distribuci\u00f3n y comercializaci\u00f3n del SEN.<\/p>\n<p style=\"text-align: justify\"><img loading=\"lazy\" decoding=\"async\" class=\"size-medium wp-image-83292 alignright\" src=\"http:\/\/10.200.87.50\/mppee\/wp-content\/uploads\/2021\/02\/WhatsApp-Image-2021-02-03-at-9.39.35-PM-300x183.jpeg\" alt=\"\" width=\"300\" height=\"183\" srcset=\"https:\/\/mppee.gob.ve\/wp-content\/uploads\/2021\/02\/WhatsApp-Image-2021-02-03-at-9.39.35-PM-300x183.jpeg 300w, https:\/\/mppee.gob.ve\/wp-content\/uploads\/2021\/02\/WhatsApp-Image-2021-02-03-at-9.39.35-PM-1024x623.jpeg 1024w, https:\/\/mppee.gob.ve\/wp-content\/uploads\/2021\/02\/WhatsApp-Image-2021-02-03-at-9.39.35-PM-768x467.jpeg 768w, https:\/\/mppee.gob.ve\/wp-content\/uploads\/2021\/02\/WhatsApp-Image-2021-02-03-at-9.39.35-PM.jpeg 1080w\" sizes=\"auto, (max-width: 300px) 100vw, 300px\" \/>En la reuni\u00f3n participaron viceministros del Ministro del Poder Popular para la Energ\u00eda El\u00e9ctrica (Mppee), gerentes generales de la Corporaci\u00f3n El\u00e9ctrica Nacional (Corpoelec S.A.) y presidentes de entes adscritos a la cartera.<\/p>\n<p style=\"text-align: justify\">Este es el segundo encuentro que se realiza durante el a\u00f1o 2021, con el firme objetivo de seguir avanzando en la estabilizaci\u00f3n del servicio el\u00e9ctrico en el pa\u00eds junto a la fuerza trabajadora del sector.<\/p>\n<p style=\"text-align: justify\"><strong>Prensa Mppee<\/strong><\/p>\n<p><img loading=\"lazy\" decoding=\"async\" class=\"aligncenter wp-image-83296 size-full\" src=\"http:\/\/10.200.87.50\/mppee\/wp-content\/uploads\/2021\/02\/WhatsApp-Image-2021-02-03-at-9.39.36-PM.jpeg\" alt=\"\" width=\"1080\" height=\"720\" srcset=\"https:\/\/mppee.gob.ve\/wp-content\/uploads\/2021\/02\/WhatsApp-Image-2021-02-03-at-9.39.36-PM.jpeg 1080w, https:\/\/mppee.gob.ve\/wp-content\/uploads\/2021\/02\/WhatsApp-Image-2021-02-03-at-9.39.36-PM-300x200.jpeg 300w, https:\/\/mppee.gob.ve\/wp-content\/uploads\/2021\/02\/WhatsApp-Image-2021-02-03-at-9.39.36-PM-1024x683.jpeg 1024w, https:\/\/mppee.gob.ve\/wp-content\/uploads\/2021\/02\/WhatsApp-Image-2021-02-03-at-9.39.36-PM-768x512.jpeg 768w\" sizes=\"auto, (max-width: 1080px) 100vw, 1080px\" \/><\/p>\n","protected":false},"excerpt":{"rendered":"<p>Este mi\u00e9rcoles, el vicepresidente Sectorial de Obras P\u00fablicas y Servicios, G\/J N\u00e9stor Reverol, sostuvo un encuentro con autoridades del Sistema<\/p>\n","protected":false},"author":12,"featured_media":83296,"comment_status":"open","ping_status":"open","sticky":false,"template":"","format":"standard","meta":{"footnotes":""},"categories":[15],"tags":[11],"class_list":["post-83291","post","type-post","status-publish","format-standard","has-post-thumbnail","hentry","category-nacionales","tag-mppee"],"_links":{"self":[{"href":"https:\/\/mppee.gob.ve\/index.php?rest_route=\/wp\/v2\/posts\/83291","targetHints":{"allow":["GET"]}}],"collection":[{"href":"https:\/\/mppee.gob.ve\/index.php?rest_route=\/wp\/v2\/posts"}],"about":[{"href":"https:\/\/mppee.gob.ve\/index.php?rest_route=\/wp\/v2\/types\/post"}],"author":[{"embeddable":true,"href":"https:\/\/mppee.gob.ve\/index.php?rest_route=\/wp\/v2\/users\/12"}],"replies":[{"embeddable":true,"href":"https:\/\/mppee.gob.ve\/index.php?rest_route=%2Fwp%2Fv2%2Fcomments&post=83291"}],"version-history":[{"count":1,"href":"https:\/\/mppee.gob.ve\/index.php?rest_route=\/wp\/v2\/posts\/83291\/revisions"}],"predecessor-version":[{"id":83298,"href":"https:\/\/mppee.gob.ve\/index.php?rest_route=\/wp\/v2\/posts\/83291\/revisions\/83298"}],"wp:featuredmedia":[{"embeddable":true,"href":"https:\/\/mppee.gob.ve\/index.php?rest_route=\/wp\/v2\/media\/83296"}],"wp:attachment":[{"href":"https:\/\/mppee.gob.ve\/index.php?rest_route=%2Fwp%2Fv2%2Fmedia&parent=83291"}],"wp:term":[{"taxonomy":"category","embeddable":true,"href":"https:\/\/mppee.gob.ve\/index.php?rest_route=%2Fwp%2Fv2%2Fcategories&post=83291"},{"taxonomy":"post_tag","embeddable":true,"href":"https:\/\/mppee.gob.ve\/index.php?rest_route=%2Fwp%2Fv2%2Ftags&post=83291"}],"curies":[{"name":"wp","href":"https:\/\/api.w.org\/{rel}","templated":true}]}}