{"id":83305,"date":"2021-02-08T19:12:23","date_gmt":"2021-02-08T19:12:23","guid":{"rendered":"http:\/\/10.200.87.50\/mppee\/?p=83305"},"modified":"2021-02-08T19:12:23","modified_gmt":"2021-02-08T19:12:23","slug":"instaladas-mesas-tecnicas-de-servicios-publicos-para-establecer-estrategias-que-garanticen-el-bienestar-del-pueblo","status":"publish","type":"post","link":"https:\/\/mppee.gob.ve\/?p=83305","title":{"rendered":"Instaladas mesas t\u00e9cnicas de servicios p\u00fablicos para establecer estrategias que garanticen el bienestar del pueblo"},"content":{"rendered":"<p style=\"text-align: justify\"><img loading=\"lazy\" decoding=\"async\" class=\"size-medium wp-image-83319 alignleft\" src=\"http:\/\/10.200.87.50\/mppee\/wp-content\/uploads\/2021\/02\/WhatsApp-Image-2021-02-08-at-2.58.32-PM-300x200.jpeg\" alt=\"\" width=\"300\" height=\"200\" srcset=\"https:\/\/mppee.gob.ve\/wp-content\/uploads\/2021\/02\/WhatsApp-Image-2021-02-08-at-2.58.32-PM-300x200.jpeg 300w, https:\/\/mppee.gob.ve\/wp-content\/uploads\/2021\/02\/WhatsApp-Image-2021-02-08-at-2.58.32-PM-768x512.jpeg 768w, https:\/\/mppee.gob.ve\/wp-content\/uploads\/2021\/02\/WhatsApp-Image-2021-02-08-at-2.58.32-PM.jpeg 912w\" sizes=\"auto, (max-width: 300px) 100vw, 300px\" \/>Este lunes, el vicepresidente Sectorial de Obras P\u00fablicas y Servicios, G\/J N\u00e9stor Reverol, dio inicio a una jornada de trabajo a trav\u00e9s de la instalaci\u00f3n de mesas t\u00e9cnicas de servicios p\u00fablicos, para ejecutar mejoras en materia de electricidad, agua y gas en beneficio del pueblo venezolano.<\/p>\n<p style=\"text-align: justify\">La actividad cuenta con la participaci\u00f3n de los responsables de Corpoelec, las hidrol\u00f3gicas y del gas comunal de las 24 entidades del pa\u00eds, quienes tienen la tarea de \u00a0debatir y acordar soluciones que permitan la estabilizaci\u00f3n de los servicios en cada regi\u00f3n.<\/p>\n<p style=\"text-align: justify\"><img loading=\"lazy\" decoding=\"async\" class=\"size-medium wp-image-83318 alignright\" src=\"http:\/\/10.200.87.50\/mppee\/wp-content\/uploads\/2021\/02\/WhatsApp-Image-2021-02-08-at-2.58.31-PM-300x200.jpeg\" alt=\"\" width=\"300\" height=\"200\" srcset=\"https:\/\/mppee.gob.ve\/wp-content\/uploads\/2021\/02\/WhatsApp-Image-2021-02-08-at-2.58.31-PM-300x200.jpeg 300w, https:\/\/mppee.gob.ve\/wp-content\/uploads\/2021\/02\/WhatsApp-Image-2021-02-08-at-2.58.31-PM-768x512.jpeg 768w, https:\/\/mppee.gob.ve\/wp-content\/uploads\/2021\/02\/WhatsApp-Image-2021-02-08-at-2.58.31-PM.jpeg 871w\" sizes=\"auto, (max-width: 300px) 100vw, 300px\" \/>El General en Jefe acot\u00f3 que se realizar\u00e1 un diagn\u00f3stico y evaluaci\u00f3n de los nudos cr\u00edticos ocasionados por el bloqueo econ\u00f3mico y financiero que afectan a los servicios p\u00fablicos en el territorio nacional, \u201ca fin de generar un mapa de soluciones coyunturales que nos permitan anteponernos a cualquier amenaza\u201d.<\/p>\n<p style=\"text-align: justify\">Destac\u00f3 que se busca contar con <strong>\u201cuna sala situacional las 24 horas que nos permita tener un Sistema de Alerta Temprana para darle la informaci\u00f3n, a quien tiene las respuestas y solucionar el evento o la falla que se presente\u201d<\/strong>, resalt\u00f3 el tambi\u00e9n Ministro del Poder Popular para la Energ\u00eda El\u00e9ctrica.<\/p>\n<p style=\"text-align: justify\"><img loading=\"lazy\" decoding=\"async\" class=\"size-medium wp-image-83317 alignleft\" src=\"http:\/\/10.200.87.50\/mppee\/wp-content\/uploads\/2021\/02\/WhatsApp-Image-2021-02-08-at-2.58.31-PM-1-300x200.jpeg\" alt=\"\" width=\"300\" height=\"200\" srcset=\"https:\/\/mppee.gob.ve\/wp-content\/uploads\/2021\/02\/WhatsApp-Image-2021-02-08-at-2.58.31-PM-1-300x200.jpeg 300w, https:\/\/mppee.gob.ve\/wp-content\/uploads\/2021\/02\/WhatsApp-Image-2021-02-08-at-2.58.31-PM-1-768x512.jpeg 768w, https:\/\/mppee.gob.ve\/wp-content\/uploads\/2021\/02\/WhatsApp-Image-2021-02-08-at-2.58.31-PM-1.jpeg 912w\" sizes=\"auto, (max-width: 300px) 100vw, 300px\" \/>Esta iniciativa se realiza \u00a0siguiendo las instrucciones del presidente de la Rep\u00fablica Bolivariana de Venezuela, Nicol\u00e1s Maduro Moros, como parte de las acciones del Plan 200 Carabobo, que prioriza el bienestar del pueblo.<\/p>\n<p style=\"text-align: justify\">Reverol Torres puntualiz\u00f3 \u00a0la participaci\u00f3n de la uni\u00f3n c\u00edvico militar y la importancia de generar alternativas <strong>\u201cen medio de esta brutal guerra econ\u00f3mica, y bloqueo financiero (\u2026) nosotros nos mantenemos tambi\u00e9n firmes atendiendo a nuestro pueblo\u201d.<\/strong><\/p>\n<p style=\"text-align: justify\">\n<strong>prensa Mppee<\/strong><\/p>\n<p><img loading=\"lazy\" decoding=\"async\" class=\"aligncenter wp-image-83315 size-full\" src=\"http:\/\/10.200.87.50\/mppee\/wp-content\/uploads\/2021\/02\/WhatsApp-Image-2021-02-08-at-2.58.29-PM.jpeg\" alt=\"\" width=\"608\" height=\"334\" srcset=\"https:\/\/mppee.gob.ve\/wp-content\/uploads\/2021\/02\/WhatsApp-Image-2021-02-08-at-2.58.29-PM.jpeg 608w, https:\/\/mppee.gob.ve\/wp-content\/uploads\/2021\/02\/WhatsApp-Image-2021-02-08-at-2.58.29-PM-300x165.jpeg 300w\" sizes=\"auto, (max-width: 608px) 100vw, 608px\" \/> <img loading=\"lazy\" decoding=\"async\" class=\"aligncenter wp-image-83313 size-full\" src=\"http:\/\/10.200.87.50\/mppee\/wp-content\/uploads\/2021\/02\/WhatsApp-Image-2021-02-08-at-2.58.28-PM.jpeg\" alt=\"\" width=\"608\" height=\"335\" srcset=\"https:\/\/mppee.gob.ve\/wp-content\/uploads\/2021\/02\/WhatsApp-Image-2021-02-08-at-2.58.28-PM.jpeg 608w, https:\/\/mppee.gob.ve\/wp-content\/uploads\/2021\/02\/WhatsApp-Image-2021-02-08-at-2.58.28-PM-300x165.jpeg 300w\" sizes=\"auto, (max-width: 608px) 100vw, 608px\" \/> <img loading=\"lazy\" decoding=\"async\" class=\"aligncenter wp-image-83312 size-full\" src=\"http:\/\/10.200.87.50\/mppee\/wp-content\/uploads\/2021\/02\/WhatsApp-Image-2021-02-08-at-2.58.27-PM.jpeg\" alt=\"\" width=\"912\" height=\"608\" srcset=\"https:\/\/mppee.gob.ve\/wp-content\/uploads\/2021\/02\/WhatsApp-Image-2021-02-08-at-2.58.27-PM.jpeg 912w, https:\/\/mppee.gob.ve\/wp-content\/uploads\/2021\/02\/WhatsApp-Image-2021-02-08-at-2.58.27-PM-300x200.jpeg 300w, https:\/\/mppee.gob.ve\/wp-content\/uploads\/2021\/02\/WhatsApp-Image-2021-02-08-at-2.58.27-PM-768x512.jpeg 768w\" sizes=\"auto, (max-width: 912px) 100vw, 912px\" \/> <img loading=\"lazy\" decoding=\"async\" class=\"aligncenter wp-image-83311 size-full\" src=\"http:\/\/10.200.87.50\/mppee\/wp-content\/uploads\/2021\/02\/WhatsApp-Image-2021-02-08-at-2.58.27-PM-1.jpeg\" alt=\"\" width=\"912\" height=\"608\" srcset=\"https:\/\/mppee.gob.ve\/wp-content\/uploads\/2021\/02\/WhatsApp-Image-2021-02-08-at-2.58.27-PM-1.jpeg 912w, https:\/\/mppee.gob.ve\/wp-content\/uploads\/2021\/02\/WhatsApp-Image-2021-02-08-at-2.58.27-PM-1-300x200.jpeg 300w, https:\/\/mppee.gob.ve\/wp-content\/uploads\/2021\/02\/WhatsApp-Image-2021-02-08-at-2.58.27-PM-1-768x512.jpeg 768w\" sizes=\"auto, (max-width: 912px) 100vw, 912px\" \/><\/p>\n","protected":false},"excerpt":{"rendered":"<p>Este lunes, el vicepresidente Sectorial de Obras P\u00fablicas y Servicios, G\/J N\u00e9stor Reverol, dio inicio a una jornada de trabajo<\/p>\n","protected":false},"author":12,"featured_media":83314,"comment_status":"open","ping_status":"open","sticky":false,"template":"","format":"standard","meta":{"footnotes":""},"categories":[1],"tags":[11],"class_list":["post-83305","post","type-post","status-publish","format-standard","has-post-thumbnail","hentry","category-mppee","tag-mppee"],"_links":{"self":[{"href":"https:\/\/mppee.gob.ve\/index.php?rest_route=\/wp\/v2\/posts\/83305","targetHints":{"allow":["GET"]}}],"collection":[{"href":"https:\/\/mppee.gob.ve\/index.php?rest_route=\/wp\/v2\/posts"}],"about":[{"href":"https:\/\/mppee.gob.ve\/index.php?rest_route=\/wp\/v2\/types\/post"}],"author":[{"embeddable":true,"href":"https:\/\/mppee.gob.ve\/index.php?rest_route=\/wp\/v2\/users\/12"}],"replies":[{"embeddable":true,"href":"https:\/\/mppee.gob.ve\/index.php?rest_route=%2Fwp%2Fv2%2Fcomments&post=83305"}],"version-history":[{"count":1,"href":"https:\/\/mppee.gob.ve\/index.php?rest_route=\/wp\/v2\/posts\/83305\/revisions"}],"predecessor-version":[{"id":83320,"href":"https:\/\/mppee.gob.ve\/index.php?rest_route=\/wp\/v2\/posts\/83305\/revisions\/83320"}],"wp:featuredmedia":[{"embeddable":true,"href":"https:\/\/mppee.gob.ve\/index.php?rest_route=\/wp\/v2\/media\/83314"}],"wp:attachment":[{"href":"https:\/\/mppee.gob.ve\/index.php?rest_route=%2Fwp%2Fv2%2Fmedia&parent=83305"}],"wp:term":[{"taxonomy":"category","embeddable":true,"href":"https:\/\/mppee.gob.ve\/index.php?rest_route=%2Fwp%2Fv2%2Fcategories&post=83305"},{"taxonomy":"post_tag","embeddable":true,"href":"https:\/\/mppee.gob.ve\/index.php?rest_route=%2Fwp%2Fv2%2Ftags&post=83305"}],"curies":[{"name":"wp","href":"https:\/\/api.w.org\/{rel}","templated":true}]}}