{"id":83339,"date":"2021-02-10T12:40:00","date_gmt":"2021-02-10T12:40:00","guid":{"rendered":"http:\/\/10.200.87.50\/mppee\/?p=83339"},"modified":"2021-02-11T12:48:00","modified_gmt":"2021-02-11T12:48:00","slug":"inician-recuperacion-integral-de-planta-de-generacion-termoelectrica-don-luis-zambrano-en-merida","status":"publish","type":"post","link":"https:\/\/mppee.gob.ve\/?p=83339","title":{"rendered":"Inician recuperaci\u00f3n integral de Planta de Generaci\u00f3n Termoel\u00e9ctrica Don Luis Zambrano en M\u00e9rida"},"content":{"rendered":"<p style=\"text-align: justify\"><img loading=\"lazy\" decoding=\"async\" class=\"size-medium wp-image-83347 alignleft\" src=\"http:\/\/10.200.87.50\/mppee\/wp-content\/uploads\/2021\/02\/WhatsApp-Image-2021-02-11-at-8.37.14-AM-1-300x200.jpeg\" alt=\"\" width=\"300\" height=\"200\" srcset=\"https:\/\/mppee.gob.ve\/wp-content\/uploads\/2021\/02\/WhatsApp-Image-2021-02-11-at-8.37.14-AM-1-300x200.jpeg 300w, https:\/\/mppee.gob.ve\/wp-content\/uploads\/2021\/02\/WhatsApp-Image-2021-02-11-at-8.37.14-AM-1-768x512.jpeg 768w, https:\/\/mppee.gob.ve\/wp-content\/uploads\/2021\/02\/WhatsApp-Image-2021-02-11-at-8.37.14-AM-1.jpeg 912w\" sizes=\"auto, (max-width: 300px) 100vw, 300px\" \/>Este mi\u00e9rcoles, el vicepresidente Sectorial de Obras Publicas y Servicios, G\/J N\u00e9stor Reverol, desde el municipio Alberto Adriani en el estado M\u00e9rida, anunci\u00f3 la recuperaci\u00f3n integral de la Planta de Generaci\u00f3n Termoel\u00e9ctrica Don Luis Zambrano para continuar con el proceso de estabilizaci\u00f3n del Sistema El\u00e9ctrico Nacional (SEN).<\/p>\n<p style=\"text-align: justify\">Manifest\u00f3 que por instrucciones del presidente de la Rep\u00fablica Bolivariana de Venezuela, Nicol\u00e1s Maduro se tiene un plan estrat\u00e9gico especial para mejorar la generaci\u00f3n termoel\u00e9ctrica e hidroel\u00e9ctrica que funciona en el suroccidente del pa\u00eds.<\/p>\n<p style=\"text-align: justify\">El tambi\u00e9n Ministro del Poder Popular para la Energ\u00eda El\u00e9ctrica asegur\u00f3 que el objetivo es que esta planta genere 450 megavatios para contribuir con la estabilizaci\u00f3n y confiabilidad del servicio.<\/p>\n<p style=\"text-align: justify\"><img loading=\"lazy\" decoding=\"async\" class=\"size-medium wp-image-83346 alignright\" src=\"http:\/\/10.200.87.50\/mppee\/wp-content\/uploads\/2021\/02\/WhatsApp-Image-2021-02-11-at-8.37.13-AM-300x242.jpeg\" alt=\"\" width=\"300\" height=\"242\" srcset=\"https:\/\/mppee.gob.ve\/wp-content\/uploads\/2021\/02\/WhatsApp-Image-2021-02-11-at-8.37.13-AM-300x242.jpeg 300w, https:\/\/mppee.gob.ve\/wp-content\/uploads\/2021\/02\/WhatsApp-Image-2021-02-11-at-8.37.13-AM-1024x826.jpeg 1024w, https:\/\/mppee.gob.ve\/wp-content\/uploads\/2021\/02\/WhatsApp-Image-2021-02-11-at-8.37.13-AM-768x619.jpeg 768w, https:\/\/mppee.gob.ve\/wp-content\/uploads\/2021\/02\/WhatsApp-Image-2021-02-11-at-8.37.13-AM.jpeg 1080w\" sizes=\"auto, (max-width: 300px) 100vw, 300px\" \/>Enfatiz\u00f3 que gracias al compromiso y labor de la fuerza trabajadora de la entidad, se ha iniciado la construcci\u00f3n y recuperaci\u00f3n de esta importante termoel\u00e9ctrica, adem\u00e1s se\u00f1al\u00f3 que esta planta de generaci\u00f3n es pieza fundamental de la regi\u00f3n andina, conformada por los estados M\u00e9rida, Trujillo y T\u00e1chira<\/p>\n<p style=\"text-align: justify\"><strong>Entrega de 37 veh\u00edculos recuperados<\/strong><\/p>\n<p style=\"text-align: justify\">El General en Jefe aprovech\u00f3 la visita en la entidad para hacer entrega a la fuerza laboral de la Corporaci\u00f3n El\u00e9ctrica Nacional (Corpoelec), la cantidad de 37 veh\u00edculos recuperados integralmente entre ellos; 15 pick up, 11 machitos, un vacuum que se encontraba inoperativo, siete camiones cesta entre ellos uno doble cesta y dos autobuses para el transporte del personal del sector el\u00e9ctrico.<\/p>\n<p style=\"text-align: justify\"><img loading=\"lazy\" decoding=\"async\" class=\"size-medium wp-image-83345 alignleft\" src=\"http:\/\/10.200.87.50\/mppee\/wp-content\/uploads\/2021\/02\/WhatsApp-Image-2021-02-11-at-8.37.13-AM-2-300x231.jpeg\" alt=\"\" width=\"300\" height=\"231\" srcset=\"https:\/\/mppee.gob.ve\/wp-content\/uploads\/2021\/02\/WhatsApp-Image-2021-02-11-at-8.37.13-AM-2-300x231.jpeg 300w, https:\/\/mppee.gob.ve\/wp-content\/uploads\/2021\/02\/WhatsApp-Image-2021-02-11-at-8.37.13-AM-2-1024x789.jpeg 1024w, https:\/\/mppee.gob.ve\/wp-content\/uploads\/2021\/02\/WhatsApp-Image-2021-02-11-at-8.37.13-AM-2-768x592.jpeg 768w, https:\/\/mppee.gob.ve\/wp-content\/uploads\/2021\/02\/WhatsApp-Image-2021-02-11-at-8.37.13-AM-2.jpeg 1080w\" sizes=\"auto, (max-width: 300px) 100vw, 300px\" \/>\u201c<strong>Dentro de esta guerra y el bloqueo econ\u00f3mico y financiero los trabajadores de la industria el\u00e9ctrica nacional, han desplegado su propia iniciativa en la recuperaci\u00f3n del parque automotor, de la flota menor y mayor de Corpoelec y de todos los entes adscritos\u201d<\/strong>, asever\u00f3 Reverol Torres.<\/p>\n<p style=\"text-align: justify\">En su recorrido por la planta termoel\u00e9ctrica tambi\u00e9n revis\u00f3 los sistemas de generaci\u00f3n y distribuci\u00f3n, adem\u00e1s atendi\u00f3 las necesidades de los trabajadores e indic\u00f3 que se realizaron las inspecciones necesarias, para fortalecer el bienestar social de esta maravillosa fuerza laboral.<\/p>\n<p style=\"text-align: justify\">Reverol Torres destac\u00f3 la labor de la fuerza trabajadora de la industria, quienes, en medio de la pandemia que azota a la humanidad por la COVID-19, contin\u00faan atendiendo las necesidades de los venezolanos.<\/p>\n<p style=\"text-align: justify\"><img loading=\"lazy\" decoding=\"async\" class=\"size-medium wp-image-83344 alignright\" src=\"http:\/\/10.200.87.50\/mppee\/wp-content\/uploads\/2021\/02\/WhatsApp-Image-2021-02-11-at-8.37.13-AM-1-300x200.jpeg\" alt=\"\" width=\"300\" height=\"200\" srcset=\"https:\/\/mppee.gob.ve\/wp-content\/uploads\/2021\/02\/WhatsApp-Image-2021-02-11-at-8.37.13-AM-1-300x200.jpeg 300w, https:\/\/mppee.gob.ve\/wp-content\/uploads\/2021\/02\/WhatsApp-Image-2021-02-11-at-8.37.13-AM-1-768x512.jpeg 768w, https:\/\/mppee.gob.ve\/wp-content\/uploads\/2021\/02\/WhatsApp-Image-2021-02-11-at-8.37.13-AM-1.jpeg 912w\" sizes=\"auto, (max-width: 300px) 100vw, 300px\" \/>El Vicepresidente Sectorial de Obras P\u00fablicas y Servicios estuvo acompa\u00f1ado por el presidente de Corpoelec, ingeniero Jos\u00e9 Luis Betancourt, diputado y protector del estado M\u00e9rida, Jehyson Guzm\u00e1n y el alcalde del municipio Alberto Adriani, Mezin Abou Assi, entre otros.<\/p>\n<p style=\"text-align: justify\"><strong>\u201cSeguimos avanzando y continuaremos con la Gesti\u00f3n El\u00e9ctrica en Marcha\u201d<\/strong> finaliz\u00f3 el Ministro Reverol.<\/p>\n<p style=\"text-align: justify\"><strong>Prensa Corpoelec<\/strong><\/p>\n<p><img loading=\"lazy\" decoding=\"async\" class=\"aligncenter wp-image-83342 size-full\" src=\"http:\/\/10.200.87.50\/mppee\/wp-content\/uploads\/2021\/02\/WhatsApp-Image-2021-02-11-at-8.37.12-AM-1.jpeg\" alt=\"\" width=\"912\" height=\"608\" srcset=\"https:\/\/mppee.gob.ve\/wp-content\/uploads\/2021\/02\/WhatsApp-Image-2021-02-11-at-8.37.12-AM-1.jpeg 912w, https:\/\/mppee.gob.ve\/wp-content\/uploads\/2021\/02\/WhatsApp-Image-2021-02-11-at-8.37.12-AM-1-300x200.jpeg 300w, https:\/\/mppee.gob.ve\/wp-content\/uploads\/2021\/02\/WhatsApp-Image-2021-02-11-at-8.37.12-AM-1-768x512.jpeg 768w\" sizes=\"auto, (max-width: 912px) 100vw, 912px\" \/> <img loading=\"lazy\" decoding=\"async\" class=\"aligncenter wp-image-83341 size-full\" src=\"http:\/\/10.200.87.50\/mppee\/wp-content\/uploads\/2021\/02\/WhatsApp-Image-2021-02-11-at-8.37.11-AM.jpeg\" alt=\"\" width=\"912\" height=\"608\" srcset=\"https:\/\/mppee.gob.ve\/wp-content\/uploads\/2021\/02\/WhatsApp-Image-2021-02-11-at-8.37.11-AM.jpeg 912w, https:\/\/mppee.gob.ve\/wp-content\/uploads\/2021\/02\/WhatsApp-Image-2021-02-11-at-8.37.11-AM-300x200.jpeg 300w, https:\/\/mppee.gob.ve\/wp-content\/uploads\/2021\/02\/WhatsApp-Image-2021-02-11-at-8.37.11-AM-768x512.jpeg 768w\" sizes=\"auto, (max-width: 912px) 100vw, 912px\" \/> <img loading=\"lazy\" decoding=\"async\" class=\"aligncenter wp-image-83340 size-full\" src=\"http:\/\/10.200.87.50\/mppee\/wp-content\/uploads\/2021\/02\/WhatsApp-Image-2021-02-11-at-8.37.11-AM-1.jpeg\" alt=\"\" width=\"912\" height=\"608\" srcset=\"https:\/\/mppee.gob.ve\/wp-content\/uploads\/2021\/02\/WhatsApp-Image-2021-02-11-at-8.37.11-AM-1.jpeg 912w, https:\/\/mppee.gob.ve\/wp-content\/uploads\/2021\/02\/WhatsApp-Image-2021-02-11-at-8.37.11-AM-1-300x200.jpeg 300w, https:\/\/mppee.gob.ve\/wp-content\/uploads\/2021\/02\/WhatsApp-Image-2021-02-11-at-8.37.11-AM-1-768x512.jpeg 768w\" sizes=\"auto, (max-width: 912px) 100vw, 912px\" \/><\/p>\n","protected":false},"excerpt":{"rendered":"<p>Este mi\u00e9rcoles, el vicepresidente Sectorial de Obras Publicas y Servicios, G\/J N\u00e9stor Reverol, desde el municipio Alberto Adriani en el<\/p>\n","protected":false},"author":12,"featured_media":83343,"comment_status":"open","ping_status":"open","sticky":false,"template":"","format":"standard","meta":{"footnotes":""},"categories":[30],"tags":[11],"class_list":["post-83339","post","type-post","status-publish","format-standard","has-post-thumbnail","hentry","category-regionales","tag-mppee"],"_links":{"self":[{"href":"https:\/\/mppee.gob.ve\/index.php?rest_route=\/wp\/v2\/posts\/83339","targetHints":{"allow":["GET"]}}],"collection":[{"href":"https:\/\/mppee.gob.ve\/index.php?rest_route=\/wp\/v2\/posts"}],"about":[{"href":"https:\/\/mppee.gob.ve\/index.php?rest_route=\/wp\/v2\/types\/post"}],"author":[{"embeddable":true,"href":"https:\/\/mppee.gob.ve\/index.php?rest_route=\/wp\/v2\/users\/12"}],"replies":[{"embeddable":true,"href":"https:\/\/mppee.gob.ve\/index.php?rest_route=%2Fwp%2Fv2%2Fcomments&post=83339"}],"version-history":[{"count":1,"href":"https:\/\/mppee.gob.ve\/index.php?rest_route=\/wp\/v2\/posts\/83339\/revisions"}],"predecessor-version":[{"id":83348,"href":"https:\/\/mppee.gob.ve\/index.php?rest_route=\/wp\/v2\/posts\/83339\/revisions\/83348"}],"wp:featuredmedia":[{"embeddable":true,"href":"https:\/\/mppee.gob.ve\/index.php?rest_route=\/wp\/v2\/media\/83343"}],"wp:attachment":[{"href":"https:\/\/mppee.gob.ve\/index.php?rest_route=%2Fwp%2Fv2%2Fmedia&parent=83339"}],"wp:term":[{"taxonomy":"category","embeddable":true,"href":"https:\/\/mppee.gob.ve\/index.php?rest_route=%2Fwp%2Fv2%2Fcategories&post=83339"},{"taxonomy":"post_tag","embeddable":true,"href":"https:\/\/mppee.gob.ve\/index.php?rest_route=%2Fwp%2Fv2%2Ftags&post=83339"}],"curies":[{"name":"wp","href":"https:\/\/api.w.org\/{rel}","templated":true}]}}