{"id":83349,"date":"2021-02-10T12:52:00","date_gmt":"2021-02-10T12:52:00","guid":{"rendered":"http:\/\/10.200.87.50\/mppee\/?p=83349"},"modified":"2021-02-11T13:00:45","modified_gmt":"2021-02-11T13:00:45","slug":"fortalecen-flota-terrestre-con-entrega-de-vehiculos-a-corpoelec-trujillo","status":"publish","type":"post","link":"https:\/\/mppee.gob.ve\/?p=83349","title":{"rendered":"Fortalecen flota terrestre con entrega de veh\u00edculos a Corpoelec-Trujillo"},"content":{"rendered":"<p style=\"text-align: justify\"><img loading=\"lazy\" decoding=\"async\" class=\"size-medium wp-image-83354 alignleft\" src=\"http:\/\/10.200.87.50\/mppee\/wp-content\/uploads\/2021\/02\/WhatsApp-Image-2021-02-11-at-8.37.15-AM-3-300x206.jpeg\" alt=\"\" width=\"300\" height=\"206\" srcset=\"https:\/\/mppee.gob.ve\/wp-content\/uploads\/2021\/02\/WhatsApp-Image-2021-02-11-at-8.37.15-AM-3-300x206.jpeg 300w, https:\/\/mppee.gob.ve\/wp-content\/uploads\/2021\/02\/WhatsApp-Image-2021-02-11-at-8.37.15-AM-3-768x527.jpeg 768w, https:\/\/mppee.gob.ve\/wp-content\/uploads\/2021\/02\/WhatsApp-Image-2021-02-11-at-8.37.15-AM-3-130x90.jpeg 130w, https:\/\/mppee.gob.ve\/wp-content\/uploads\/2021\/02\/WhatsApp-Image-2021-02-11-at-8.37.15-AM-3.jpeg 1013w\" sizes=\"auto, (max-width: 300px) 100vw, 300px\" \/>Un total de 38 veh\u00edculos fueron recuperados por la fuerza trabajadora de la Corporaci\u00f3n El\u00e9ctrica Nacional (Corpoelec), as\u00ed lo manifest\u00f3 el vicepresidente Sectorial de Obras Publicas y Servicios, G\/J N\u00e9stor Reverol, desde Valera estado Trujillo.<\/p>\n<p style=\"text-align: justify\">Destac\u00f3 que fueron 21 camionetas tipo pick up, nueve camionetas, un jeep, un cami\u00f3n destinado para el control de vegetaci\u00f3n, un cami\u00f3n tipo plancha y cinco camiones tipo cesta, que se requieren en esta zona para incrementar las labores de mantenimiento a las estaciones y subestaciones de la entidad.<\/p>\n<p style=\"text-align: justify\"><img loading=\"lazy\" decoding=\"async\" class=\"size-medium wp-image-83353 alignright\" src=\"http:\/\/10.200.87.50\/mppee\/wp-content\/uploads\/2021\/02\/WhatsApp-Image-2021-02-11-at-8.37.15-AM-2-300x206.jpeg\" alt=\"\" width=\"300\" height=\"206\" srcset=\"https:\/\/mppee.gob.ve\/wp-content\/uploads\/2021\/02\/WhatsApp-Image-2021-02-11-at-8.37.15-AM-2-300x206.jpeg 300w, https:\/\/mppee.gob.ve\/wp-content\/uploads\/2021\/02\/WhatsApp-Image-2021-02-11-at-8.37.15-AM-2-768x527.jpeg 768w, https:\/\/mppee.gob.ve\/wp-content\/uploads\/2021\/02\/WhatsApp-Image-2021-02-11-at-8.37.15-AM-2-130x90.jpeg 130w, https:\/\/mppee.gob.ve\/wp-content\/uploads\/2021\/02\/WhatsApp-Image-2021-02-11-at-8.37.15-AM-2.jpeg 886w\" sizes=\"auto, (max-width: 300px) 100vw, 300px\" \/>El tambi\u00e9n Ministro del Poder Popular para la Energ\u00eda El\u00e9ctrica, manifest\u00f3 que se han recuperado seis maestranzas para desplegarlas por las regiones del pa\u00eds, adem\u00e1s apunt\u00f3 que visitar\u00e1 el estado T\u00e1chira como parte del plan de supervisi\u00f3n a las principales estaciones el\u00e9ctricas del pa\u00eds.<\/p>\n<p style=\"text-align: justify\"><strong>\u201cVamos a seguir avanzando por todas las regiones del pa\u00eds para recuperar antes que culmine el a\u00f1o 2021, toda la flota pesada y liviana de este ministerio as\u00ed como de los entes adscritos\u201d<\/strong>, rese\u00f1\u00f3 Reverol Torres.<\/p>\n<p style=\"text-align: justify\"><img loading=\"lazy\" decoding=\"async\" class=\"size-medium wp-image-83352 alignleft\" src=\"http:\/\/10.200.87.50\/mppee\/wp-content\/uploads\/2021\/02\/WhatsApp-Image-2021-02-11-at-8.37.15-AM-1-300x206.jpeg\" alt=\"\" width=\"300\" height=\"206\" srcset=\"https:\/\/mppee.gob.ve\/wp-content\/uploads\/2021\/02\/WhatsApp-Image-2021-02-11-at-8.37.15-AM-1-300x206.jpeg 300w, https:\/\/mppee.gob.ve\/wp-content\/uploads\/2021\/02\/WhatsApp-Image-2021-02-11-at-8.37.15-AM-1-768x527.jpeg 768w, https:\/\/mppee.gob.ve\/wp-content\/uploads\/2021\/02\/WhatsApp-Image-2021-02-11-at-8.37.15-AM-1-130x90.jpeg 130w, https:\/\/mppee.gob.ve\/wp-content\/uploads\/2021\/02\/WhatsApp-Image-2021-02-11-at-8.37.15-AM-1.jpeg 886w\" sizes=\"auto, (max-width: 300px) 100vw, 300px\" \/>El General en Jefe felicit\u00f3 y agradeci\u00f3 el trabajo que ejecut\u00f3 la clase trabajadora, que en medio de un bloqueo criminal, econ\u00f3mico y financiero, conjuntamente con el esfuerzo de toda la gerencia de Corpoelec y del ministerio para la Energ\u00eda El\u00e9ctrica, se esforzaron para la recuperaci\u00f3n de esta importante flota vehicular que ser\u00e1 colocada para el servicio del pueblo trujillano.<\/p>\n<p style=\"text-align: justify\"><strong>\u201cQueremos felicitar a toda la fuerza obrera por el compromiso de seguir trabajando en aras de continuar fortaleciendo el Plan Nacional de Recuperaci\u00f3n de la flota mayor y la flota menor\u201d<\/strong>, puntualiz\u00f3 el Ministro.<\/p>\n<p style=\"text-align: justify\"><strong>Prensa Corpoelec<\/strong><\/p>\n","protected":false},"excerpt":{"rendered":"<p>Un total de 38 veh\u00edculos fueron recuperados por la fuerza trabajadora de la Corporaci\u00f3n El\u00e9ctrica Nacional (Corpoelec), as\u00ed lo manifest\u00f3<\/p>\n","protected":false},"author":12,"featured_media":83355,"comment_status":"open","ping_status":"open","sticky":false,"template":"","format":"standard","meta":{"footnotes":""},"categories":[30],"tags":[11],"class_list":["post-83349","post","type-post","status-publish","format-standard","has-post-thumbnail","hentry","category-regionales","tag-mppee"],"_links":{"self":[{"href":"https:\/\/mppee.gob.ve\/index.php?rest_route=\/wp\/v2\/posts\/83349","targetHints":{"allow":["GET"]}}],"collection":[{"href":"https:\/\/mppee.gob.ve\/index.php?rest_route=\/wp\/v2\/posts"}],"about":[{"href":"https:\/\/mppee.gob.ve\/index.php?rest_route=\/wp\/v2\/types\/post"}],"author":[{"embeddable":true,"href":"https:\/\/mppee.gob.ve\/index.php?rest_route=\/wp\/v2\/users\/12"}],"replies":[{"embeddable":true,"href":"https:\/\/mppee.gob.ve\/index.php?rest_route=%2Fwp%2Fv2%2Fcomments&post=83349"}],"version-history":[{"count":1,"href":"https:\/\/mppee.gob.ve\/index.php?rest_route=\/wp\/v2\/posts\/83349\/revisions"}],"predecessor-version":[{"id":83356,"href":"https:\/\/mppee.gob.ve\/index.php?rest_route=\/wp\/v2\/posts\/83349\/revisions\/83356"}],"wp:featuredmedia":[{"embeddable":true,"href":"https:\/\/mppee.gob.ve\/index.php?rest_route=\/wp\/v2\/media\/83355"}],"wp:attachment":[{"href":"https:\/\/mppee.gob.ve\/index.php?rest_route=%2Fwp%2Fv2%2Fmedia&parent=83349"}],"wp:term":[{"taxonomy":"category","embeddable":true,"href":"https:\/\/mppee.gob.ve\/index.php?rest_route=%2Fwp%2Fv2%2Fcategories&post=83349"},{"taxonomy":"post_tag","embeddable":true,"href":"https:\/\/mppee.gob.ve\/index.php?rest_route=%2Fwp%2Fv2%2Ftags&post=83349"}],"curies":[{"name":"wp","href":"https:\/\/api.w.org\/{rel}","templated":true}]}}