{"id":83374,"date":"2021-02-16T00:06:00","date_gmt":"2021-02-16T00:06:00","guid":{"rendered":"http:\/\/10.200.87.50\/mppee\/?p=83374"},"modified":"2021-02-17T00:12:55","modified_gmt":"2021-02-17T00:12:55","slug":"gobierno-bolivariano-recupera-espacios-del-santuario-de-la-virgen-de-betania","status":"publish","type":"post","link":"https:\/\/mppee.gob.ve\/?p=83374","title":{"rendered":"Gobierno Bolivariano recupera espacios del Santuario de la Virgen de Betania"},"content":{"rendered":"<p style=\"text-align: justify\"><img loading=\"lazy\" decoding=\"async\" class=\"size-medium wp-image-83382 alignleft\" src=\"http:\/\/10.200.87.50\/mppee\/wp-content\/uploads\/2021\/02\/WhatsApp-Image-2021-02-16-at-6.18.28-PM-1-300x225.jpeg\" alt=\"\" width=\"300\" height=\"225\" srcset=\"https:\/\/mppee.gob.ve\/wp-content\/uploads\/2021\/02\/WhatsApp-Image-2021-02-16-at-6.18.28-PM-1-300x225.jpeg 300w, https:\/\/mppee.gob.ve\/wp-content\/uploads\/2021\/02\/WhatsApp-Image-2021-02-16-at-6.18.28-PM-1-1024x768.jpeg 1024w, https:\/\/mppee.gob.ve\/wp-content\/uploads\/2021\/02\/WhatsApp-Image-2021-02-16-at-6.18.28-PM-1-768x576.jpeg 768w, https:\/\/mppee.gob.ve\/wp-content\/uploads\/2021\/02\/WhatsApp-Image-2021-02-16-at-6.18.28-PM-1.jpeg 1080w\" sizes=\"auto, (max-width: 300px) 100vw, 300px\" \/>El Gobierno Bolivariano a trav\u00e9s de los entes adscritos de la Vicepresidencia Sectorial de Obras P\u00fablicas y Servicios, llev\u00f3 a cabo una serie de remodelaciones al Santuario de la Virgen de Betania, ubicado en la carretera C\u00faa-San Casimiro, en el estado Miranda, para mejorar sus espacios, as\u00ed lo inform\u00f3 el titular de este despacho, G\/J N\u00e9stor Reverol.<\/p>\n<p style=\"text-align: justify\">La fuerza trabajadora de la Corporaci\u00f3n El\u00e9ctrica Nacional S.A. (Corpoelec) instal\u00f3 33 luminarias de \u00faltima generaci\u00f3n y 150 bombillos LED para la iluminaci\u00f3n interna.<\/p>\n<p style=\"text-align: justify\"><img loading=\"lazy\" decoding=\"async\" class=\"size-medium wp-image-83381 alignright\" src=\"http:\/\/10.200.87.50\/mppee\/wp-content\/uploads\/2021\/02\/WhatsApp-Image-2021-02-16-at-6.18.28-PM-2-300x225.jpeg\" alt=\"\" width=\"300\" height=\"225\" srcset=\"https:\/\/mppee.gob.ve\/wp-content\/uploads\/2021\/02\/WhatsApp-Image-2021-02-16-at-6.18.28-PM-2-300x225.jpeg 300w, https:\/\/mppee.gob.ve\/wp-content\/uploads\/2021\/02\/WhatsApp-Image-2021-02-16-at-6.18.28-PM-2-768x576.jpeg 768w, https:\/\/mppee.gob.ve\/wp-content\/uploads\/2021\/02\/WhatsApp-Image-2021-02-16-at-6.18.28-PM-2.jpeg 1024w\" sizes=\"auto, (max-width: 300px) 100vw, 300px\" \/>Adem\u00e1s, se colocaron 210 metros de cableado, brazos universales para postes, perchas y aisladores, destac\u00f3 el tambi\u00e9n Ministro del Poder Popular para la Energ\u00eda El\u00e9ctrica a trav\u00e9s de su cuenta en la red social de Instagram @reverolnestor.<\/p>\n<p style=\"text-align: justify\"><strong>\u201cEn articulaci\u00f3n con Barrio Nuevo, Barrio Tricolor, logramos el despeje de la vegetaci\u00f3n cercana a las l\u00edneas de baja tensi\u00f3n; desmalezamiento, pintura general, remodelaci\u00f3n de techos, impermeabilizaci\u00f3n y la colocaci\u00f3n de una malla para evitar derrumbes en la gruta de la Virgen\u201d<\/strong>.<\/p>\n<p style=\"text-align: justify\"><strong><img loading=\"lazy\" decoding=\"async\" class=\"size-medium wp-image-83380 alignleft\" src=\"http:\/\/10.200.87.50\/mppee\/wp-content\/uploads\/2021\/02\/WhatsApp-Image-2021-02-16-at-6.18.29-PM-300x225.jpeg\" alt=\"\" width=\"300\" height=\"225\" srcset=\"https:\/\/mppee.gob.ve\/wp-content\/uploads\/2021\/02\/WhatsApp-Image-2021-02-16-at-6.18.29-PM-300x225.jpeg 300w, https:\/\/mppee.gob.ve\/wp-content\/uploads\/2021\/02\/WhatsApp-Image-2021-02-16-at-6.18.29-PM-1024x768.jpeg 1024w, https:\/\/mppee.gob.ve\/wp-content\/uploads\/2021\/02\/WhatsApp-Image-2021-02-16-at-6.18.29-PM-768x576.jpeg 768w, https:\/\/mppee.gob.ve\/wp-content\/uploads\/2021\/02\/WhatsApp-Image-2021-02-16-at-6.18.29-PM.jpeg 1080w\" sizes=\"auto, (max-width: 300px) 100vw, 300px\" \/>\u201c\u00a1Renovemos la fe y la esperanza para que nuestro Dios y la Virgen de Betania nos llene de bendiciones y nos proteja siempre!\u201d<\/strong>, asegur\u00f3 el General en Jefe, quien para finalizar agradeci\u00f3 el apoyo al Coronel Secundino Acevedo, jefe de la Mancomunidad Policial de Valles del Tuy, por supervisar el desarrollo de cada uno de los trabajos realizados y fortalecer la seguridad en la zona.<\/p>\n<p style=\"text-align: justify\"><strong>Prensa Mppee<\/strong><\/p>\n<p><img loading=\"lazy\" decoding=\"async\" class=\"aligncenter wp-image-83379 size-full\" src=\"http:\/\/10.200.87.50\/mppee\/wp-content\/uploads\/2021\/02\/WhatsApp-Image-2021-02-16-at-6.18.29-PM-1.jpeg\" alt=\"\" width=\"750\" height=\"1000\" srcset=\"https:\/\/mppee.gob.ve\/wp-content\/uploads\/2021\/02\/WhatsApp-Image-2021-02-16-at-6.18.29-PM-1.jpeg 750w, https:\/\/mppee.gob.ve\/wp-content\/uploads\/2021\/02\/WhatsApp-Image-2021-02-16-at-6.18.29-PM-1-225x300.jpeg 225w\" sizes=\"auto, (max-width: 750px) 100vw, 750px\" \/> <img loading=\"lazy\" decoding=\"async\" class=\"aligncenter wp-image-83378 size-full\" src=\"http:\/\/10.200.87.50\/mppee\/wp-content\/uploads\/2021\/02\/WhatsApp-Image-2021-02-16-at-6.18.29-PM-2.jpeg\" alt=\"\" width=\"460\" height=\"996\" srcset=\"https:\/\/mppee.gob.ve\/wp-content\/uploads\/2021\/02\/WhatsApp-Image-2021-02-16-at-6.18.29-PM-2.jpeg 460w, https:\/\/mppee.gob.ve\/wp-content\/uploads\/2021\/02\/WhatsApp-Image-2021-02-16-at-6.18.29-PM-2-139x300.jpeg 139w\" sizes=\"auto, (max-width: 460px) 100vw, 460px\" \/> <img loading=\"lazy\" decoding=\"async\" class=\"aligncenter wp-image-83377 size-full\" src=\"http:\/\/10.200.87.50\/mppee\/wp-content\/uploads\/2021\/02\/WhatsApp-Image-2021-02-16-at-6.18.29-PM-3.jpeg\" alt=\"\" width=\"748\" height=\"1000\" srcset=\"https:\/\/mppee.gob.ve\/wp-content\/uploads\/2021\/02\/WhatsApp-Image-2021-02-16-at-6.18.29-PM-3.jpeg 748w, https:\/\/mppee.gob.ve\/wp-content\/uploads\/2021\/02\/WhatsApp-Image-2021-02-16-at-6.18.29-PM-3-224x300.jpeg 224w\" sizes=\"auto, (max-width: 748px) 100vw, 748px\" \/> <img loading=\"lazy\" decoding=\"async\" class=\"aligncenter wp-image-83376 size-full\" src=\"http:\/\/10.200.87.50\/mppee\/wp-content\/uploads\/2021\/02\/WhatsApp-Image-2021-02-16-at-6.18.30-PM.jpeg\" alt=\"\" width=\"748\" height=\"1000\" srcset=\"https:\/\/mppee.gob.ve\/wp-content\/uploads\/2021\/02\/WhatsApp-Image-2021-02-16-at-6.18.30-PM.jpeg 748w, https:\/\/mppee.gob.ve\/wp-content\/uploads\/2021\/02\/WhatsApp-Image-2021-02-16-at-6.18.30-PM-224x300.jpeg 224w\" sizes=\"auto, (max-width: 748px) 100vw, 748px\" \/><\/p>\n","protected":false},"excerpt":{"rendered":"<p>El Gobierno Bolivariano a trav\u00e9s de los entes adscritos de la Vicepresidencia Sectorial de Obras P\u00fablicas y Servicios, llev\u00f3 a<\/p>\n","protected":false},"author":12,"featured_media":83375,"comment_status":"open","ping_status":"open","sticky":false,"template":"","format":"standard","meta":{"footnotes":""},"categories":[15],"tags":[11],"class_list":["post-83374","post","type-post","status-publish","format-standard","has-post-thumbnail","hentry","category-nacionales","tag-mppee"],"_links":{"self":[{"href":"https:\/\/mppee.gob.ve\/index.php?rest_route=\/wp\/v2\/posts\/83374","targetHints":{"allow":["GET"]}}],"collection":[{"href":"https:\/\/mppee.gob.ve\/index.php?rest_route=\/wp\/v2\/posts"}],"about":[{"href":"https:\/\/mppee.gob.ve\/index.php?rest_route=\/wp\/v2\/types\/post"}],"author":[{"embeddable":true,"href":"https:\/\/mppee.gob.ve\/index.php?rest_route=\/wp\/v2\/users\/12"}],"replies":[{"embeddable":true,"href":"https:\/\/mppee.gob.ve\/index.php?rest_route=%2Fwp%2Fv2%2Fcomments&post=83374"}],"version-history":[{"count":1,"href":"https:\/\/mppee.gob.ve\/index.php?rest_route=\/wp\/v2\/posts\/83374\/revisions"}],"predecessor-version":[{"id":83384,"href":"https:\/\/mppee.gob.ve\/index.php?rest_route=\/wp\/v2\/posts\/83374\/revisions\/83384"}],"wp:featuredmedia":[{"embeddable":true,"href":"https:\/\/mppee.gob.ve\/index.php?rest_route=\/wp\/v2\/media\/83375"}],"wp:attachment":[{"href":"https:\/\/mppee.gob.ve\/index.php?rest_route=%2Fwp%2Fv2%2Fmedia&parent=83374"}],"wp:term":[{"taxonomy":"category","embeddable":true,"href":"https:\/\/mppee.gob.ve\/index.php?rest_route=%2Fwp%2Fv2%2Fcategories&post=83374"},{"taxonomy":"post_tag","embeddable":true,"href":"https:\/\/mppee.gob.ve\/index.php?rest_route=%2Fwp%2Fv2%2Ftags&post=83374"}],"curies":[{"name":"wp","href":"https:\/\/api.w.org\/{rel}","templated":true}]}}