{"id":83388,"date":"2021-02-19T16:33:00","date_gmt":"2021-02-19T16:33:00","guid":{"rendered":"http:\/\/10.200.87.50\/mppee\/?p=83388"},"modified":"2021-02-23T16:43:51","modified_gmt":"2021-02-23T16:43:51","slug":"gobierno-bolivariano-acciona-planes-para-la-restitucion-del-bienestar-del-pueblo","status":"publish","type":"post","link":"https:\/\/mppee.gob.ve\/?p=83388","title":{"rendered":"Articulan acciones contra el bloqueo econ\u00f3mico en materia de servicios p\u00fablicos"},"content":{"rendered":"<p style=\"text-align: justify\"><img loading=\"lazy\" decoding=\"async\" class=\"size-medium wp-image-83397 alignleft\" src=\"http:\/\/10.200.87.50\/mppee\/wp-content\/uploads\/2021\/02\/WhatsApp-Image-2021-02-17-at-1.29.03-PM1-1-300x200.jpeg\" alt=\"\" width=\"300\" height=\"200\" srcset=\"https:\/\/mppee.gob.ve\/wp-content\/uploads\/2021\/02\/WhatsApp-Image-2021-02-17-at-1.29.03-PM1-1-300x200.jpeg 300w, https:\/\/mppee.gob.ve\/wp-content\/uploads\/2021\/02\/WhatsApp-Image-2021-02-17-at-1.29.03-PM1-1-768x512.jpeg 768w, https:\/\/mppee.gob.ve\/wp-content\/uploads\/2021\/02\/WhatsApp-Image-2021-02-17-at-1.29.03-PM1-1.jpeg 912w\" sizes=\"auto, (max-width: 300px) 100vw, 300px\" \/>Autoridades del Gobierno nacional revisan temas del Plan de Atenci\u00f3n Integral a las V\u00edctimas de la Guerra Econ\u00f3mica y el Bloqueo Imperialista de cara al Plan 200 Carabobo, con el objetivo de llevar a cabo una agenda de trabajo y planificaci\u00f3n para hacer abordajes en las mil 361 Bases de Misiones que se encuentran activadas en el pa\u00eds.<\/p>\n<p style=\"text-align: justify\">Durante una reuni\u00f3n encabezada por el vicepresidente Sectorial de Obras P\u00fablicas y Servicios, G\/J N\u00e9stor Reverol, junto al vicepresidente Sectorial de Socialismo Social y Territorial, Arist\u00f3bulo Ist\u00fariz, destac\u00f3 que se han revisado todos los aspectos y se ha adoptado una metodolog\u00eda para recuperar y construir los equilibrios del Estado socialista, ya que la guerra ha vulnerado los derechos de la poblaci\u00f3n.<\/p>\n<p style=\"text-align: justify\"><img loading=\"lazy\" decoding=\"async\" class=\"size-medium wp-image-83398 alignright\" src=\"http:\/\/10.200.87.50\/mppee\/wp-content\/uploads\/2021\/02\/WhatsApp-Image-2021-02-17-at-1.29.04-PM-1-300x222.jpeg\" alt=\"\" width=\"300\" height=\"222\" srcset=\"https:\/\/mppee.gob.ve\/wp-content\/uploads\/2021\/02\/WhatsApp-Image-2021-02-17-at-1.29.04-PM-1-300x222.jpeg 300w, https:\/\/mppee.gob.ve\/wp-content\/uploads\/2021\/02\/WhatsApp-Image-2021-02-17-at-1.29.04-PM-1-1024x757.jpeg 1024w, https:\/\/mppee.gob.ve\/wp-content\/uploads\/2021\/02\/WhatsApp-Image-2021-02-17-at-1.29.04-PM-1-768x567.jpeg 768w, https:\/\/mppee.gob.ve\/wp-content\/uploads\/2021\/02\/WhatsApp-Image-2021-02-17-at-1.29.04-PM-1.jpeg 1080w\" sizes=\"auto, (max-width: 300px) 100vw, 300px\" \/>El tambi\u00e9n Ministro del Poder Popular para la Energ\u00eda El\u00e9ctrica, resalt\u00f3 que se ha dise\u00f1ado un Plan para realizar abordajes los fines de semana, donde deben participar todos los ministros, ministras y representantes de instituciones, con el acompa\u00f1amiento de la Fuerza Armada Nacional Bolivariana (FANB) a trav\u00e9s de la Guardia del Pueblo, como articulador en las necesidades de la poblaci\u00f3n cuya funci\u00f3n es impulsar el desarrollo nacional.<\/p>\n<p style=\"text-align: justify\"><strong>\u201cEste fin de semana vamos a abarcar ocho estados del pa\u00eds en diferentes actividades, vamos a hacer reuniones todos los lunes con los representantes en cada una de las salas situacionales del pa\u00eds que se encargan de hacer los diagn\u00f3sticos respectivos, cada 15 d\u00edas vamos a reunir las Vicepresidencias con los integrantes de las instituciones que los representan para incorporar el tema de los servicios p\u00fablicos\u201d<\/strong>, indic\u00f3 el General en Jefe.<\/p>\n<p style=\"text-align: justify\"><img loading=\"lazy\" decoding=\"async\" class=\"size-medium wp-image-83399 alignleft\" src=\"http:\/\/10.200.87.50\/mppee\/wp-content\/uploads\/2021\/02\/WhatsApp-Image-2021-02-17-at-1.29.04-PM1-1-300x200.jpeg\" alt=\"\" width=\"300\" height=\"200\" srcset=\"https:\/\/mppee.gob.ve\/wp-content\/uploads\/2021\/02\/WhatsApp-Image-2021-02-17-at-1.29.04-PM1-1-300x200.jpeg 300w, https:\/\/mppee.gob.ve\/wp-content\/uploads\/2021\/02\/WhatsApp-Image-2021-02-17-at-1.29.04-PM1-1-768x512.jpeg 768w, https:\/\/mppee.gob.ve\/wp-content\/uploads\/2021\/02\/WhatsApp-Image-2021-02-17-at-1.29.04-PM1-1.jpeg 912w\" sizes=\"auto, (max-width: 300px) 100vw, 300px\" \/>Detall\u00f3 que el ingeniero Jos\u00e9 Luis Betancourt se incorpora a esta Vicepresidencia como Presidente de Corpoelec, para abordar el tema de la electricidad junto a la nueva presidenta de Gas Comunal, Caryl Bertho, para atender todas las pol\u00edticas y estrategias del Estado venezolano en aras de satisfacer las necesidades de los servicios p\u00fablicos del pueblo, junto al acompa\u00f1amiento que ya viene haciendo desde el 2019 la Vicepresidencia Sectorial para el Socialismo Social y Territorial.<\/p>\n<p style=\"text-align: justify\">Reiter\u00f3 que se estudiar\u00e1 el comportamiento de las manifestaciones, protestas y d\u00f3nde se desarrollan, para tener diagn\u00f3sticos suficientes y as\u00ed ejecutar los abordajes que se hagan los viernes, s\u00e1bado y domingo con la Vicepresidencia Social y obtener resultados satisfactorios.<\/p>\n<p style=\"text-align: justify\"><strong><img loading=\"lazy\" decoding=\"async\" class=\"size-medium wp-image-83401 alignright\" src=\"http:\/\/10.200.87.50\/mppee\/wp-content\/uploads\/2021\/02\/WhatsApp-Image-2021-02-17-at-1.29.04-PM3-1-300x252.jpeg\" alt=\"\" width=\"300\" height=\"252\" srcset=\"https:\/\/mppee.gob.ve\/wp-content\/uploads\/2021\/02\/WhatsApp-Image-2021-02-17-at-1.29.04-PM3-1-300x252.jpeg 300w, https:\/\/mppee.gob.ve\/wp-content\/uploads\/2021\/02\/WhatsApp-Image-2021-02-17-at-1.29.04-PM3-1-1024x859.jpeg 1024w, https:\/\/mppee.gob.ve\/wp-content\/uploads\/2021\/02\/WhatsApp-Image-2021-02-17-at-1.29.04-PM3-1-768x644.jpeg 768w, https:\/\/mppee.gob.ve\/wp-content\/uploads\/2021\/02\/WhatsApp-Image-2021-02-17-at-1.29.04-PM3-1.jpeg 1080w\" sizes=\"auto, (max-width: 300px) 100vw, 300px\" \/>\u201cVamos a integrar todos los esfuerzos cumpliendo la instrucci\u00f3n del presidente Nicol\u00e1s Maduro, para garantizar la restituci\u00f3n del bienestar social a nuestro pueblo\u201d<\/strong>, dijo el Ministro Reverol.<\/p>\n<p style=\"text-align: justify\">Por su parte el vicepresidente Sectorial para el Socialismo Social y Territorial, Arist\u00f3bulo Ist\u00fariz, recalc\u00f3 que se ha estado haciendo un balance integral del Plan de Atenci\u00f3n a las V\u00edctimas de la Guerra Econ\u00f3mica y el Bloqueo Criminal y al mismo tiempo haciendo una planificaci\u00f3n para trabajar de manera conjunta con la Vicepresidencia Sectorial de Obras P\u00fablicas y Servicios.<\/p>\n<p style=\"text-align: justify\"><strong><img loading=\"lazy\" decoding=\"async\" class=\"size-medium wp-image-83400 alignleft\" src=\"http:\/\/10.200.87.50\/mppee\/wp-content\/uploads\/2021\/02\/WhatsApp-Image-2021-02-17-at-1.29.04-PM2-1-300x200.jpeg\" alt=\"\" width=\"300\" height=\"200\" srcset=\"https:\/\/mppee.gob.ve\/wp-content\/uploads\/2021\/02\/WhatsApp-Image-2021-02-17-at-1.29.04-PM2-1-300x200.jpeg 300w, https:\/\/mppee.gob.ve\/wp-content\/uploads\/2021\/02\/WhatsApp-Image-2021-02-17-at-1.29.04-PM2-1-768x512.jpeg 768w, https:\/\/mppee.gob.ve\/wp-content\/uploads\/2021\/02\/WhatsApp-Image-2021-02-17-at-1.29.04-PM2-1.jpeg 912w\" sizes=\"auto, (max-width: 300px) 100vw, 300px\" \/>\u201cCada comunidad constituye un territorio que debemos abordar de manera conjunta tanto los servicios p\u00fablicos como cada una de las necesidades y demandas sociales que solicitan las comunidades, es por eso que la planificaci\u00f3n debe ser en conjunto\u201d<\/strong>, apunt\u00f3 Arist\u00f3bulo Ist\u00fariz.<\/p>\n<p style=\"text-align: justify\"><strong>\u201cTrabajaremos para dar respuestas concretas a la poblaci\u00f3n en compa\u00f1\u00eda de los parlamentarios como un solo equipo de gobierno\u201d<\/strong>, finaliz\u00f3 Ist\u00fariz.<\/p>\n<p style=\"text-align: justify\"><strong>Prensa Corpoelec<\/strong><\/p>\n","protected":false},"excerpt":{"rendered":"<p>Autoridades del Gobierno nacional revisan temas del Plan de Atenci\u00f3n Integral a las V\u00edctimas de la Guerra Econ\u00f3mica y el<\/p>\n","protected":false},"author":12,"featured_media":83389,"comment_status":"open","ping_status":"open","sticky":false,"template":"","format":"standard","meta":{"footnotes":""},"categories":[15],"tags":[11],"class_list":["post-83388","post","type-post","status-publish","format-standard","has-post-thumbnail","hentry","category-nacionales","tag-mppee"],"_links":{"self":[{"href":"https:\/\/mppee.gob.ve\/index.php?rest_route=\/wp\/v2\/posts\/83388","targetHints":{"allow":["GET"]}}],"collection":[{"href":"https:\/\/mppee.gob.ve\/index.php?rest_route=\/wp\/v2\/posts"}],"about":[{"href":"https:\/\/mppee.gob.ve\/index.php?rest_route=\/wp\/v2\/types\/post"}],"author":[{"embeddable":true,"href":"https:\/\/mppee.gob.ve\/index.php?rest_route=\/wp\/v2\/users\/12"}],"replies":[{"embeddable":true,"href":"https:\/\/mppee.gob.ve\/index.php?rest_route=%2Fwp%2Fv2%2Fcomments&post=83388"}],"version-history":[{"count":3,"href":"https:\/\/mppee.gob.ve\/index.php?rest_route=\/wp\/v2\/posts\/83388\/revisions"}],"predecessor-version":[{"id":83405,"href":"https:\/\/mppee.gob.ve\/index.php?rest_route=\/wp\/v2\/posts\/83388\/revisions\/83405"}],"wp:featuredmedia":[{"embeddable":true,"href":"https:\/\/mppee.gob.ve\/index.php?rest_route=\/wp\/v2\/media\/83389"}],"wp:attachment":[{"href":"https:\/\/mppee.gob.ve\/index.php?rest_route=%2Fwp%2Fv2%2Fmedia&parent=83388"}],"wp:term":[{"taxonomy":"category","embeddable":true,"href":"https:\/\/mppee.gob.ve\/index.php?rest_route=%2Fwp%2Fv2%2Fcategories&post=83388"},{"taxonomy":"post_tag","embeddable":true,"href":"https:\/\/mppee.gob.ve\/index.php?rest_route=%2Fwp%2Fv2%2Ftags&post=83388"}],"curies":[{"name":"wp","href":"https:\/\/api.w.org\/{rel}","templated":true}]}}