{"id":83416,"date":"2021-02-22T16:54:00","date_gmt":"2021-02-22T16:54:00","guid":{"rendered":"http:\/\/10.200.87.50\/mppee\/?p=83416"},"modified":"2021-02-23T17:07:44","modified_gmt":"2021-02-23T17:07:44","slug":"abordadas-31-mil-212-personas-a-traves-plan-integral-de-atencion-a-las-victimas-del-bloqueo-imperialista-y-la-guerra-economica","status":"publish","type":"post","link":"https:\/\/mppee.gob.ve\/?p=83416","title":{"rendered":"Abordadas 31 mil 212 personas  a trav\u00e9s Plan Integral de Atenci\u00f3n a las V\u00edctimas del Bloqueo Imperialista y la Guerra Econ\u00f3mica"},"content":{"rendered":"<p style=\"text-align: justify\"><img loading=\"lazy\" decoding=\"async\" class=\"size-medium wp-image-83423 alignleft\" src=\"http:\/\/10.200.87.50\/mppee\/wp-content\/uploads\/2021\/02\/WhatsApp-Image-2021-02-22-at-12.20.38-PM-1-300x225.jpeg\" alt=\"\" width=\"300\" height=\"225\" srcset=\"https:\/\/mppee.gob.ve\/wp-content\/uploads\/2021\/02\/WhatsApp-Image-2021-02-22-at-12.20.38-PM-1-300x225.jpeg 300w, https:\/\/mppee.gob.ve\/wp-content\/uploads\/2021\/02\/WhatsApp-Image-2021-02-22-at-12.20.38-PM-1-768x576.jpeg 768w, https:\/\/mppee.gob.ve\/wp-content\/uploads\/2021\/02\/WhatsApp-Image-2021-02-22-at-12.20.38-PM-1.jpeg 1000w\" sizes=\"auto, (max-width: 300px) 100vw, 300px\" \/>En ocho estados del pa\u00eds durante el fin de semana, fueron atendidas un total de 31 mil 212 personas, como parte del Plan Integral de Atenci\u00f3n a las V\u00edctimas del Bloqueo Imperialista y la Guerra Econ\u00f3mica, conjuntamente con los ministerios y entes adscritos a las vicepresidencias sectoriales de Obras P\u00fablicas y Servicios, y para el Desarrollo Social y Territorial.<\/p>\n<p style=\"text-align: justify\">Durante las jornadas sociales, fueron evaluadas las diferentes situaciones de cada comunidad en materia de servicios p\u00fablicos, para dar una respuesta oportuna y clara a cada caso, as\u00ed lo destac\u00f3 el vicepresidente Sectorial de Obras P\u00fablicas y Servicios, G\/J N\u00e9stor Reverol, a trav\u00e9s de su cuenta oficial en la red social Instagram @reverolnestor.<\/p>\n<p style=\"text-align: justify\"><img loading=\"lazy\" decoding=\"async\" class=\"size-medium wp-image-83425 alignright\" src=\"http:\/\/10.200.87.50\/mppee\/wp-content\/uploads\/2021\/02\/WhatsApp-Image-2021-02-22-at-12.24.02-PM-1-300x200.jpeg\" alt=\"\" width=\"300\" height=\"200\" srcset=\"https:\/\/mppee.gob.ve\/wp-content\/uploads\/2021\/02\/WhatsApp-Image-2021-02-22-at-12.24.02-PM-1-300x200.jpeg 300w, https:\/\/mppee.gob.ve\/wp-content\/uploads\/2021\/02\/WhatsApp-Image-2021-02-22-at-12.24.02-PM-1-1024x683.jpeg 1024w, https:\/\/mppee.gob.ve\/wp-content\/uploads\/2021\/02\/WhatsApp-Image-2021-02-22-at-12.24.02-PM-1-768x512.jpeg 768w, https:\/\/mppee.gob.ve\/wp-content\/uploads\/2021\/02\/WhatsApp-Image-2021-02-22-at-12.24.02-PM-1.jpeg 1080w\" sizes=\"auto, (max-width: 300px) 100vw, 300px\" \/>Se realizaron 168 actividades en las comunidades de La Vega en el Distrito Capital; La Fr\u00eda, estado T\u00e1chira; Ocumare del Tuy, estado Miranda; Macuto, La Guaira; Barinas y San Joaqu\u00edn del estado Carabobo, inform\u00f3 el General en Jefe.<\/p>\n<p style=\"text-align: justify\"><strong>\u201cA trav\u00e9s de estos despliegues fortaleceremos nuestro sistema de alerta temprana y garantizaremos el abordaje integral y la defensa de los derechos humanos de nuestro pueblo\u201d<\/strong>, asegur\u00f3 el tambi\u00e9n Ministro para la Energ\u00eda El\u00e9ctrica.<\/p>\n<p style=\"text-align: justify\"><img loading=\"lazy\" decoding=\"async\" class=\"size-medium wp-image-83426 alignleft\" src=\"http:\/\/10.200.87.50\/mppee\/wp-content\/uploads\/2021\/02\/WhatsApp-Image-2021-02-22-at-12.23.29-PM-1-300x200.jpeg\" alt=\"\" width=\"300\" height=\"200\" srcset=\"https:\/\/mppee.gob.ve\/wp-content\/uploads\/2021\/02\/WhatsApp-Image-2021-02-22-at-12.23.29-PM-1-300x200.jpeg 300w, https:\/\/mppee.gob.ve\/wp-content\/uploads\/2021\/02\/WhatsApp-Image-2021-02-22-at-12.23.29-PM-1-1024x683.jpeg 1024w, https:\/\/mppee.gob.ve\/wp-content\/uploads\/2021\/02\/WhatsApp-Image-2021-02-22-at-12.23.29-PM-1-768x512.jpeg 768w, https:\/\/mppee.gob.ve\/wp-content\/uploads\/2021\/02\/WhatsApp-Image-2021-02-22-at-12.23.29-PM-1.jpeg 1080w\" sizes=\"auto, (max-width: 300px) 100vw, 300px\" \/>Estas acciones emprendidas forman parte de los planes y estrategias acordados durante las mesas de trabajo efectuadas recientemente junto al vicepresidente Sectorial para el Desarrollo Social y Territorial, Arist\u00f3bulo Ist\u00fariz, con el fin de abordar de manera integral todo el territorio nacional.<\/p>\n<p style=\"text-align: justify\"><strong>Prensa Mppee<\/strong><\/p>\n<p><img loading=\"lazy\" decoding=\"async\" class=\"aligncenter wp-image-83427 size-full\" src=\"http:\/\/10.200.87.50\/mppee\/wp-content\/uploads\/2021\/02\/WhatsApp-Image-2021-02-22-at-12.24.24-PM-1.jpeg\" alt=\"\" width=\"1000\" height=\"750\" srcset=\"https:\/\/mppee.gob.ve\/wp-content\/uploads\/2021\/02\/WhatsApp-Image-2021-02-22-at-12.24.24-PM-1.jpeg 1000w, https:\/\/mppee.gob.ve\/wp-content\/uploads\/2021\/02\/WhatsApp-Image-2021-02-22-at-12.24.24-PM-1-300x225.jpeg 300w, https:\/\/mppee.gob.ve\/wp-content\/uploads\/2021\/02\/WhatsApp-Image-2021-02-22-at-12.24.24-PM-1-768x576.jpeg 768w\" sizes=\"auto, (max-width: 1000px) 100vw, 1000px\" \/> <img loading=\"lazy\" decoding=\"async\" class=\"aligncenter wp-image-83424 size-full\" src=\"http:\/\/10.200.87.50\/mppee\/wp-content\/uploads\/2021\/02\/WhatsApp-Image-2021-02-22-at-12.24.22-PM-1.jpeg\" alt=\"\" width=\"1080\" height=\"1080\" srcset=\"https:\/\/mppee.gob.ve\/wp-content\/uploads\/2021\/02\/WhatsApp-Image-2021-02-22-at-12.24.22-PM-1.jpeg 1080w, https:\/\/mppee.gob.ve\/wp-content\/uploads\/2021\/02\/WhatsApp-Image-2021-02-22-at-12.24.22-PM-1-300x300.jpeg 300w, https:\/\/mppee.gob.ve\/wp-content\/uploads\/2021\/02\/WhatsApp-Image-2021-02-22-at-12.24.22-PM-1-1024x1024.jpeg 1024w, https:\/\/mppee.gob.ve\/wp-content\/uploads\/2021\/02\/WhatsApp-Image-2021-02-22-at-12.24.22-PM-1-150x150.jpeg 150w, https:\/\/mppee.gob.ve\/wp-content\/uploads\/2021\/02\/WhatsApp-Image-2021-02-22-at-12.24.22-PM-1-768x768.jpeg 768w\" sizes=\"auto, (max-width: 1080px) 100vw, 1080px\" \/><\/p>\n","protected":false},"excerpt":{"rendered":"<p>En ocho estados del pa\u00eds durante el fin de semana, fueron atendidas un total de 31 mil 212 personas, como<\/p>\n","protected":false},"author":12,"featured_media":83417,"comment_status":"open","ping_status":"open","sticky":false,"template":"","format":"standard","meta":{"footnotes":""},"categories":[15],"tags":[11],"class_list":["post-83416","post","type-post","status-publish","format-standard","has-post-thumbnail","hentry","category-nacionales","tag-mppee"],"_links":{"self":[{"href":"https:\/\/mppee.gob.ve\/index.php?rest_route=\/wp\/v2\/posts\/83416","targetHints":{"allow":["GET"]}}],"collection":[{"href":"https:\/\/mppee.gob.ve\/index.php?rest_route=\/wp\/v2\/posts"}],"about":[{"href":"https:\/\/mppee.gob.ve\/index.php?rest_route=\/wp\/v2\/types\/post"}],"author":[{"embeddable":true,"href":"https:\/\/mppee.gob.ve\/index.php?rest_route=\/wp\/v2\/users\/12"}],"replies":[{"embeddable":true,"href":"https:\/\/mppee.gob.ve\/index.php?rest_route=%2Fwp%2Fv2%2Fcomments&post=83416"}],"version-history":[{"count":1,"href":"https:\/\/mppee.gob.ve\/index.php?rest_route=\/wp\/v2\/posts\/83416\/revisions"}],"predecessor-version":[{"id":83428,"href":"https:\/\/mppee.gob.ve\/index.php?rest_route=\/wp\/v2\/posts\/83416\/revisions\/83428"}],"wp:featuredmedia":[{"embeddable":true,"href":"https:\/\/mppee.gob.ve\/index.php?rest_route=\/wp\/v2\/media\/83417"}],"wp:attachment":[{"href":"https:\/\/mppee.gob.ve\/index.php?rest_route=%2Fwp%2Fv2%2Fmedia&parent=83416"}],"wp:term":[{"taxonomy":"category","embeddable":true,"href":"https:\/\/mppee.gob.ve\/index.php?rest_route=%2Fwp%2Fv2%2Fcategories&post=83416"},{"taxonomy":"post_tag","embeddable":true,"href":"https:\/\/mppee.gob.ve\/index.php?rest_route=%2Fwp%2Fv2%2Ftags&post=83416"}],"curies":[{"name":"wp","href":"https:\/\/api.w.org\/{rel}","templated":true}]}}