{"id":83431,"date":"2021-02-23T17:09:45","date_gmt":"2021-02-23T17:09:45","guid":{"rendered":"http:\/\/10.200.87.50\/mppee\/?p=83431"},"modified":"2021-02-25T17:33:16","modified_gmt":"2021-02-25T17:33:16","slug":"poder-ejecutivo-y-legislativo-coordinan-acciones-en-defensa-de-los-servicios-publicos-en-el-pais","status":"publish","type":"post","link":"https:\/\/mppee.gob.ve\/?p=83431","title":{"rendered":"Poder Ejecutivo y Legislativo coordinan acciones en defensa de los servicios p\u00fablicos en el pa\u00eds"},"content":{"rendered":"<p style=\"text-align: justify\"><img loading=\"lazy\" decoding=\"async\" class=\"size-medium wp-image-83434 alignleft\" src=\"http:\/\/10.200.87.50\/mppee\/wp-content\/uploads\/2021\/02\/WhatsApp-Image-2021-02-23-at-6.06.22-PM-300x209.jpeg\" alt=\"\" width=\"300\" height=\"209\" srcset=\"https:\/\/mppee.gob.ve\/wp-content\/uploads\/2021\/02\/WhatsApp-Image-2021-02-23-at-6.06.22-PM-300x209.jpeg 300w, https:\/\/mppee.gob.ve\/wp-content\/uploads\/2021\/02\/WhatsApp-Image-2021-02-23-at-6.06.22-PM-1024x713.jpeg 1024w, https:\/\/mppee.gob.ve\/wp-content\/uploads\/2021\/02\/WhatsApp-Image-2021-02-23-at-6.06.22-PM-768x535.jpeg 768w, https:\/\/mppee.gob.ve\/wp-content\/uploads\/2021\/02\/WhatsApp-Image-2021-02-23-at-6.06.22-PM-392x272.jpeg 392w, https:\/\/mppee.gob.ve\/wp-content\/uploads\/2021\/02\/WhatsApp-Image-2021-02-23-at-6.06.22-PM-130x90.jpeg 130w, https:\/\/mppee.gob.ve\/wp-content\/uploads\/2021\/02\/WhatsApp-Image-2021-02-23-at-6.06.22-PM.jpeg 1080w\" sizes=\"auto, (max-width: 300px) 100vw, 300px\" \/>Desde la sede del Ministerio del Poder Popular para la Energ\u00eda El\u00e9ctrica, el vicepresidente Sectorial de Obras P\u00fablicas y Servicios, G\/J N\u00e9stor Reverol, sostuvo una reuni\u00f3n con la Comisi\u00f3n Permanente de Administraci\u00f3n y Servicios de la Asamblea Nacional (AN), encabezada por el diputado William Gil, donde debatieron el impacto de las medidas coercitivas y unilaterales que han afectado esta \u00e1rea fundamental para el desarrollo del pa\u00eds.<\/p>\n<p>Manifest\u00f3 que el bloqueo econ\u00f3mico y financiero impuesto por el gobierno de los Estados Unidos, ha tenido un impacto negativo en las prestaciones de los servicios b\u00e1sicos que tanto ha repercutido en la poblaci\u00f3n, adem\u00e1s apunt\u00f3 que se revis\u00f3 la agenda legislativa de este a\u00f1o 2021, donde se evaluaron las reformas y consideraciones a las leyes org\u00e1nicas y especiales que ata\u00f1en a los servicios p\u00fablicos.<\/p>\n<p style=\"text-align: justify\"><img loading=\"lazy\" decoding=\"async\" class=\"size-medium wp-image-83441 alignright\" src=\"http:\/\/10.200.87.50\/mppee\/wp-content\/uploads\/2021\/02\/WhatsApp-Image-2021-02-23-at-6.06.23-PM-1-300x201.jpeg\" alt=\"\" width=\"300\" height=\"201\" srcset=\"https:\/\/mppee.gob.ve\/wp-content\/uploads\/2021\/02\/WhatsApp-Image-2021-02-23-at-6.06.23-PM-1-300x201.jpeg 300w, https:\/\/mppee.gob.ve\/wp-content\/uploads\/2021\/02\/WhatsApp-Image-2021-02-23-at-6.06.23-PM-1-1024x687.jpeg 1024w, https:\/\/mppee.gob.ve\/wp-content\/uploads\/2021\/02\/WhatsApp-Image-2021-02-23-at-6.06.23-PM-1-768x516.jpeg 768w, https:\/\/mppee.gob.ve\/wp-content\/uploads\/2021\/02\/WhatsApp-Image-2021-02-23-at-6.06.23-PM-1.jpeg 1080w\" sizes=\"auto, (max-width: 300px) 100vw, 300px\" \/>El tambi\u00e9n Ministro del Poder Popular para la Energ\u00eda El\u00e9ctrica, destac\u00f3 el trabajo que se ejecuta en conjunto con la Vicepresidencia Sectorial para el Socialismo Social y Territorial, as\u00ed como el parlamentarismo de calle, donde este fin de semana se incorporaron los diputados de esta comisi\u00f3n, para atender los ocho estados priorizados del pa\u00eds, en aras de avanzar en las soluciones tempranas para brindarle estabilidad al pueblo en materia de servicios p\u00fablicos.<\/p>\n<p style=\"text-align: justify\"><strong>\u201cHemos tomado nota de todas las consideraciones. Tambi\u00e9n recibimos un conjunto de denuncias, que ha hecho el pueblo a la Comisi\u00f3n de Administraci\u00f3n y Servicios de la Asamblea Nacional, para nosotros integrarlas a la Sala Situacional de Servicios P\u00fablicos que llevamos en esta sede y poder articular los esfuerzos a la resoluci\u00f3n de las necesidades de nuestro pueblo\u201d<\/strong>, detall\u00f3 Reverol Torres.<\/p>\n<p style=\"text-align: justify\"><img loading=\"lazy\" decoding=\"async\" class=\"size-medium wp-image-83443 alignleft\" src=\"http:\/\/10.200.87.50\/mppee\/wp-content\/uploads\/2021\/02\/WhatsApp-Image-2021-02-23-at-6.06.20-PM2-1-300x200.jpeg\" alt=\"\" width=\"300\" height=\"200\" srcset=\"https:\/\/mppee.gob.ve\/wp-content\/uploads\/2021\/02\/WhatsApp-Image-2021-02-23-at-6.06.20-PM2-1-300x200.jpeg 300w, https:\/\/mppee.gob.ve\/wp-content\/uploads\/2021\/02\/WhatsApp-Image-2021-02-23-at-6.06.20-PM2-1-768x512.jpeg 768w, https:\/\/mppee.gob.ve\/wp-content\/uploads\/2021\/02\/WhatsApp-Image-2021-02-23-at-6.06.20-PM2-1.jpeg 912w\" sizes=\"auto, (max-width: 300px) 100vw, 300px\" \/>Por su parte el presidente de esta Comisi\u00f3n Permanente de Administraci\u00f3n y Servicios de la Asamblea Nacional, diputado William Gil, agradeci\u00f3 esta reuni\u00f3n de trabajo tal como lo ha instruido el presidente de la Rep\u00fablica, Nicol\u00e1s Maduro, con el objetivo de unir esfuerzos para sacar adelante los servicios p\u00fablicos, a pesar del bloqueo criminal impuesto por el gobierno de los Estados Unidos contra Venezuela.<\/p>\n<p style=\"text-align: justify\"><strong>Prensa Corpoelec<\/strong><\/p>\n<p><img loading=\"lazy\" decoding=\"async\" class=\"aligncenter wp-image-83444 size-full\" src=\"http:\/\/10.200.87.50\/mppee\/wp-content\/uploads\/2021\/02\/WhatsApp-Image-2021-02-23-at-6.06.20-PM1-1.jpeg\" alt=\"\" width=\"912\" height=\"608\" srcset=\"https:\/\/mppee.gob.ve\/wp-content\/uploads\/2021\/02\/WhatsApp-Image-2021-02-23-at-6.06.20-PM1-1.jpeg 912w, https:\/\/mppee.gob.ve\/wp-content\/uploads\/2021\/02\/WhatsApp-Image-2021-02-23-at-6.06.20-PM1-1-300x200.jpeg 300w, https:\/\/mppee.gob.ve\/wp-content\/uploads\/2021\/02\/WhatsApp-Image-2021-02-23-at-6.06.20-PM1-1-768x512.jpeg 768w\" sizes=\"auto, (max-width: 912px) 100vw, 912px\" \/> <img loading=\"lazy\" decoding=\"async\" class=\"aligncenter wp-image-83434 size-full\" src=\"http:\/\/10.200.87.50\/mppee\/wp-content\/uploads\/2021\/02\/WhatsApp-Image-2021-02-23-at-6.06.22-PM.jpeg\" alt=\"\" width=\"1080\" height=\"752\" srcset=\"https:\/\/mppee.gob.ve\/wp-content\/uploads\/2021\/02\/WhatsApp-Image-2021-02-23-at-6.06.22-PM.jpeg 1080w, https:\/\/mppee.gob.ve\/wp-content\/uploads\/2021\/02\/WhatsApp-Image-2021-02-23-at-6.06.22-PM-300x209.jpeg 300w, https:\/\/mppee.gob.ve\/wp-content\/uploads\/2021\/02\/WhatsApp-Image-2021-02-23-at-6.06.22-PM-1024x713.jpeg 1024w, https:\/\/mppee.gob.ve\/wp-content\/uploads\/2021\/02\/WhatsApp-Image-2021-02-23-at-6.06.22-PM-768x535.jpeg 768w, https:\/\/mppee.gob.ve\/wp-content\/uploads\/2021\/02\/WhatsApp-Image-2021-02-23-at-6.06.22-PM-392x272.jpeg 392w, https:\/\/mppee.gob.ve\/wp-content\/uploads\/2021\/02\/WhatsApp-Image-2021-02-23-at-6.06.22-PM-130x90.jpeg 130w\" sizes=\"auto, (max-width: 1080px) 100vw, 1080px\" \/><\/p>\n<p><img loading=\"lazy\" decoding=\"async\" class=\"aligncenter wp-image-83442 size-full\" src=\"http:\/\/10.200.87.50\/mppee\/wp-content\/uploads\/2021\/02\/WhatsApp-Image-2021-02-23-at-6.06.21-PM-1.jpeg\" alt=\"\" width=\"1080\" height=\"657\" srcset=\"https:\/\/mppee.gob.ve\/wp-content\/uploads\/2021\/02\/WhatsApp-Image-2021-02-23-at-6.06.21-PM-1.jpeg 1080w, https:\/\/mppee.gob.ve\/wp-content\/uploads\/2021\/02\/WhatsApp-Image-2021-02-23-at-6.06.21-PM-1-300x183.jpeg 300w, https:\/\/mppee.gob.ve\/wp-content\/uploads\/2021\/02\/WhatsApp-Image-2021-02-23-at-6.06.21-PM-1-1024x623.jpeg 1024w, https:\/\/mppee.gob.ve\/wp-content\/uploads\/2021\/02\/WhatsApp-Image-2021-02-23-at-6.06.21-PM-1-768x467.jpeg 768w\" sizes=\"auto, (max-width: 1080px) 100vw, 1080px\" \/><\/p>\n","protected":false},"excerpt":{"rendered":"<p>Desde la sede del Ministerio del Poder Popular para la Energ\u00eda El\u00e9ctrica, el vicepresidente Sectorial de Obras P\u00fablicas y Servicios,<\/p>\n","protected":false},"author":12,"featured_media":83438,"comment_status":"open","ping_status":"open","sticky":false,"template":"","format":"standard","meta":{"footnotes":""},"categories":[15],"tags":[11],"class_list":["post-83431","post","type-post","status-publish","format-standard","has-post-thumbnail","hentry","category-nacionales","tag-mppee"],"_links":{"self":[{"href":"https:\/\/mppee.gob.ve\/index.php?rest_route=\/wp\/v2\/posts\/83431","targetHints":{"allow":["GET"]}}],"collection":[{"href":"https:\/\/mppee.gob.ve\/index.php?rest_route=\/wp\/v2\/posts"}],"about":[{"href":"https:\/\/mppee.gob.ve\/index.php?rest_route=\/wp\/v2\/types\/post"}],"author":[{"embeddable":true,"href":"https:\/\/mppee.gob.ve\/index.php?rest_route=\/wp\/v2\/users\/12"}],"replies":[{"embeddable":true,"href":"https:\/\/mppee.gob.ve\/index.php?rest_route=%2Fwp%2Fv2%2Fcomments&post=83431"}],"version-history":[{"count":1,"href":"https:\/\/mppee.gob.ve\/index.php?rest_route=\/wp\/v2\/posts\/83431\/revisions"}],"predecessor-version":[{"id":83447,"href":"https:\/\/mppee.gob.ve\/index.php?rest_route=\/wp\/v2\/posts\/83431\/revisions\/83447"}],"wp:featuredmedia":[{"embeddable":true,"href":"https:\/\/mppee.gob.ve\/index.php?rest_route=\/wp\/v2\/media\/83438"}],"wp:attachment":[{"href":"https:\/\/mppee.gob.ve\/index.php?rest_route=%2Fwp%2Fv2%2Fmedia&parent=83431"}],"wp:term":[{"taxonomy":"category","embeddable":true,"href":"https:\/\/mppee.gob.ve\/index.php?rest_route=%2Fwp%2Fv2%2Fcategories&post=83431"},{"taxonomy":"post_tag","embeddable":true,"href":"https:\/\/mppee.gob.ve\/index.php?rest_route=%2Fwp%2Fv2%2Ftags&post=83431"}],"curies":[{"name":"wp","href":"https:\/\/api.w.org\/{rel}","templated":true}]}}