{"id":83448,"date":"2021-02-24T17:34:40","date_gmt":"2021-02-24T17:34:40","guid":{"rendered":"http:\/\/10.200.87.50\/mppee\/?p=83448"},"modified":"2021-02-25T17:41:05","modified_gmt":"2021-02-25T17:41:05","slug":"gobierno-bolivariano-toma-acciones-para-mejorar-transporte-publico-en-el-pais","status":"publish","type":"post","link":"https:\/\/mppee.gob.ve\/?p=83448","title":{"rendered":"Gobierno Bolivariano toma acciones para mejorar transporte p\u00fablico en el pa\u00eds"},"content":{"rendered":"<p style=\"text-align: justify\"><img loading=\"lazy\" decoding=\"async\" class=\"size-medium wp-image-83451 alignleft\" src=\"http:\/\/10.200.87.50\/mppee\/wp-content\/uploads\/2021\/02\/WhatsApp-Image-2021-02-24-at-11.52.59-AM-300x251.jpeg\" alt=\"\" width=\"300\" height=\"251\" srcset=\"https:\/\/mppee.gob.ve\/wp-content\/uploads\/2021\/02\/WhatsApp-Image-2021-02-24-at-11.52.59-AM-300x251.jpeg 300w, https:\/\/mppee.gob.ve\/wp-content\/uploads\/2021\/02\/WhatsApp-Image-2021-02-24-at-11.52.59-AM-1024x856.jpeg 1024w, https:\/\/mppee.gob.ve\/wp-content\/uploads\/2021\/02\/WhatsApp-Image-2021-02-24-at-11.52.59-AM-768x642.jpeg 768w, https:\/\/mppee.gob.ve\/wp-content\/uploads\/2021\/02\/WhatsApp-Image-2021-02-24-at-11.52.59-AM.jpeg 1080w\" sizes=\"auto, (max-width: 300px) 100vw, 300px\" \/>Garantizar la dotaci\u00f3n de insumos, el suministro de combustible, adecuar las tarifas y reordenar el transporte p\u00fablico en el pa\u00eds, son parte de las acciones estrat\u00e9gicas expuestas, este martes, para mejorar este servicio, as\u00ed lo inform\u00f3 el vicepresidente Sectorial de Obras P\u00fablicas y Servicios, G\/J N\u00e9stor Reverol, luego de una reuni\u00f3n con el ministro del Poder Popular para el Transporte, Hip\u00f3lito Abreu, y los integrantes de la Mesa de Seguimiento Nacional de la Gran Misi\u00f3n Transporte.<\/p>\n<p style=\"text-align: justify\">Durante el encuentro, efectuado en la sede del Ministerio del Poder Popular para la Energ\u00eda El\u00e9ctrica, debatieron estrategias a seguir para dar respuesta a los venezolanos de manera oportuna en los pr\u00f3ximos d\u00edas.<\/p>\n<p style=\"text-align: justify\"><img loading=\"lazy\" decoding=\"async\" class=\"size-medium wp-image-83449 alignright\" src=\"http:\/\/10.200.87.50\/mppee\/wp-content\/uploads\/2021\/02\/WhatsApp-Image-2021-02-24-at-11.53.04-AM-300x200.jpeg\" alt=\"\" width=\"300\" height=\"200\" srcset=\"https:\/\/mppee.gob.ve\/wp-content\/uploads\/2021\/02\/WhatsApp-Image-2021-02-24-at-11.53.04-AM-300x200.jpeg 300w, https:\/\/mppee.gob.ve\/wp-content\/uploads\/2021\/02\/WhatsApp-Image-2021-02-24-at-11.53.04-AM-768x512.jpeg 768w, https:\/\/mppee.gob.ve\/wp-content\/uploads\/2021\/02\/WhatsApp-Image-2021-02-24-at-11.53.04-AM.jpeg 912w\" sizes=\"auto, (max-width: 300px) 100vw, 300px\" \/>Estas medidas forman parte de la agenda Plan 200 Carabobo, que tiene como premisa brindar mejor calidad de vida al pueblo y se ejecutan para cumplir las instrucciones del presidente de la Rep\u00fablica Bolivariana de Venezuela, Nicol\u00e1s Maduro Moros, quien en d\u00edas pasados exhort\u00f3 a las autoridades a estudiar un ajuste en las tarifas que conllevar\u00e1 a prestar un mejor servicio, por parte de los transportistas.<\/p>\n<p style=\"text-align: justify\"><strong>\u201cSeguiremos trabajando en funci\u00f3n de alcanzar el mejoramiento de este importante servicio del pa\u00eds, tal como lo ha ordenado nuestro Presidente\u201d<\/strong> asegur\u00f3 el General en Jefe a trav\u00e9s de su cuenta en la red social Instagram @reverolnestor.<\/p>\n<p style=\"text-align: justify\"><strong>Prensa Mppee<\/strong><\/p>\n<p><img loading=\"lazy\" decoding=\"async\" class=\"aligncenter wp-image-83452 size-full\" src=\"http:\/\/10.200.87.50\/mppee\/wp-content\/uploads\/2021\/02\/WhatsApp-Image-2021-02-24-at-11.52.58-AM.jpeg\" alt=\"\" width=\"912\" height=\"608\" srcset=\"https:\/\/mppee.gob.ve\/wp-content\/uploads\/2021\/02\/WhatsApp-Image-2021-02-24-at-11.52.58-AM.jpeg 912w, https:\/\/mppee.gob.ve\/wp-content\/uploads\/2021\/02\/WhatsApp-Image-2021-02-24-at-11.52.58-AM-300x200.jpeg 300w, https:\/\/mppee.gob.ve\/wp-content\/uploads\/2021\/02\/WhatsApp-Image-2021-02-24-at-11.52.58-AM-768x512.jpeg 768w\" sizes=\"auto, (max-width: 912px) 100vw, 912px\" \/><\/p>\n","protected":false},"excerpt":{"rendered":"<p>Garantizar la dotaci\u00f3n de insumos, el suministro de combustible, adecuar las tarifas y reordenar el transporte p\u00fablico en el pa\u00eds,<\/p>\n","protected":false},"author":12,"featured_media":83450,"comment_status":"open","ping_status":"open","sticky":false,"template":"","format":"standard","meta":{"footnotes":""},"categories":[15],"tags":[],"class_list":["post-83448","post","type-post","status-publish","format-standard","has-post-thumbnail","hentry","category-nacionales"],"_links":{"self":[{"href":"https:\/\/mppee.gob.ve\/index.php?rest_route=\/wp\/v2\/posts\/83448","targetHints":{"allow":["GET"]}}],"collection":[{"href":"https:\/\/mppee.gob.ve\/index.php?rest_route=\/wp\/v2\/posts"}],"about":[{"href":"https:\/\/mppee.gob.ve\/index.php?rest_route=\/wp\/v2\/types\/post"}],"author":[{"embeddable":true,"href":"https:\/\/mppee.gob.ve\/index.php?rest_route=\/wp\/v2\/users\/12"}],"replies":[{"embeddable":true,"href":"https:\/\/mppee.gob.ve\/index.php?rest_route=%2Fwp%2Fv2%2Fcomments&post=83448"}],"version-history":[{"count":1,"href":"https:\/\/mppee.gob.ve\/index.php?rest_route=\/wp\/v2\/posts\/83448\/revisions"}],"predecessor-version":[{"id":83453,"href":"https:\/\/mppee.gob.ve\/index.php?rest_route=\/wp\/v2\/posts\/83448\/revisions\/83453"}],"wp:featuredmedia":[{"embeddable":true,"href":"https:\/\/mppee.gob.ve\/index.php?rest_route=\/wp\/v2\/media\/83450"}],"wp:attachment":[{"href":"https:\/\/mppee.gob.ve\/index.php?rest_route=%2Fwp%2Fv2%2Fmedia&parent=83448"}],"wp:term":[{"taxonomy":"category","embeddable":true,"href":"https:\/\/mppee.gob.ve\/index.php?rest_route=%2Fwp%2Fv2%2Fcategories&post=83448"},{"taxonomy":"post_tag","embeddable":true,"href":"https:\/\/mppee.gob.ve\/index.php?rest_route=%2Fwp%2Fv2%2Ftags&post=83448"}],"curies":[{"name":"wp","href":"https:\/\/api.w.org\/{rel}","templated":true}]}}