{"id":83524,"date":"2021-03-02T14:39:00","date_gmt":"2021-03-02T14:39:00","guid":{"rendered":"http:\/\/10.200.87.50\/mppee\/?p=83524"},"modified":"2021-03-05T14:57:13","modified_gmt":"2021-03-05T14:57:13","slug":"gobierno-bolivariano-iniciara-la-recuperacion-integral-de-66-hospitales-del-pais","status":"publish","type":"post","link":"https:\/\/mppee.gob.ve\/?p=83524","title":{"rendered":"Gobierno Bolivariano iniciar\u00e1 la recuperaci\u00f3n integral de 66 hospitales del pa\u00eds"},"content":{"rendered":"<p style=\"text-align: justify\"><img loading=\"lazy\" decoding=\"async\" class=\"size-medium wp-image-83526 alignleft\" src=\"http:\/\/10.200.87.50\/mppee\/wp-content\/uploads\/2021\/03\/WhatsApp-Image-2021-03-02-at-3.39.31-PM2-300x200.jpeg\" alt=\"\" width=\"300\" height=\"200\" srcset=\"https:\/\/mppee.gob.ve\/wp-content\/uploads\/2021\/03\/WhatsApp-Image-2021-03-02-at-3.39.31-PM2-300x200.jpeg 300w, https:\/\/mppee.gob.ve\/wp-content\/uploads\/2021\/03\/WhatsApp-Image-2021-03-02-at-3.39.31-PM2-768x512.jpeg 768w, https:\/\/mppee.gob.ve\/wp-content\/uploads\/2021\/03\/WhatsApp-Image-2021-03-02-at-3.39.31-PM2.jpeg 912w\" sizes=\"auto, (max-width: 300px) 100vw, 300px\" \/>En los pr\u00f3ximos d\u00edas, junto a la Fuerza de Tareas Especiales<strong> \u201cDr. Jos\u00e9 Gregorio Hern\u00e1ndez\u201d<\/strong>, iniciar\u00e1 la recuperaci\u00f3n de 66 hospitales del pa\u00eds y lograr de esta forma contar con centros de salud fortalecidos, para el combate activo contra la COVID-19, as\u00ed lo inform\u00f3, este martes, el vicepresidente Sectorial de Obras P\u00fablicas y Servicios, G\/J N\u00e9stor Reverol.<\/p>\n<p style=\"text-align: justify\">Durante el balance ofrecido por las vicepresidencias sectoriales de Obras P\u00fablicas y Servicios y de Desarrollo Social y Territorial, en cuanto a la atenci\u00f3n que brinda el Gobierno Bolivariano a trav\u00e9s del Plan Integral de Atenci\u00f3n a las Victimas de la Guerra Econ\u00f3mica y el Bloqueo Imperialista, el General en Jefe tambi\u00e9n detall\u00f3 que se har\u00e1 un plan nacional de revisi\u00f3n de servicios p\u00fablicos en las instituciones educativas de cara al regreso a clases.<\/p>\n<p style=\"text-align: justify\"><img loading=\"lazy\" decoding=\"async\" class=\"size-medium wp-image-83527 alignright\" src=\"http:\/\/10.200.87.50\/mppee\/wp-content\/uploads\/2021\/03\/WhatsApp-Image-2021-03-02-at-3.39.31-PM3-300x231.jpeg\" alt=\"\" width=\"300\" height=\"231\" srcset=\"https:\/\/mppee.gob.ve\/wp-content\/uploads\/2021\/03\/WhatsApp-Image-2021-03-02-at-3.39.31-PM3-300x231.jpeg 300w, https:\/\/mppee.gob.ve\/wp-content\/uploads\/2021\/03\/WhatsApp-Image-2021-03-02-at-3.39.31-PM3-1024x789.jpeg 1024w, https:\/\/mppee.gob.ve\/wp-content\/uploads\/2021\/03\/WhatsApp-Image-2021-03-02-at-3.39.31-PM3-768x592.jpeg 768w, https:\/\/mppee.gob.ve\/wp-content\/uploads\/2021\/03\/WhatsApp-Image-2021-03-02-at-3.39.31-PM3.jpeg 1080w\" sizes=\"auto, (max-width: 300px) 100vw, 300px\" \/>Asimismo, se dar\u00e1 inicio a un plan de abordaje nacional para atender a los urbanismos de la Gran Misi\u00f3n vivienda Venezuela en materia de servicios p\u00fablicos y en Caracas se ejecutar\u00e1 <strong>\u201cun plan de atenci\u00f3n integral para el Distrito Capital de car\u00e1cter permanente\u201d<\/strong> junto a su Jefe de Gobierno, Nah\u00fam Fern\u00e1ndez, para ofrecer a la ciudad mejoras en todas las a\u00e9reas.<\/p>\n<p style=\"text-align: justify\">Por su parte el vicepresidente sectorial para el Desarrollo Social y Territorial, Arist\u00f3bulo Ist\u00fariz, se\u00f1al\u00f3 que se trabajado durante dos semanas, <strong>\u201choy nos hemos reunido para hacer un balance y se ha quedado que cada 15 d\u00edas, nos reunimos de manera conjunta para hacer la evaluaci\u00f3n y ver la planificaci\u00f3n\u201d.<\/strong><\/p>\n<p style=\"text-align: justify\"><img loading=\"lazy\" decoding=\"async\" class=\"size-medium wp-image-83528 alignleft\" src=\"http:\/\/10.200.87.50\/mppee\/wp-content\/uploads\/2021\/03\/WhatsApp-Image-2021-03-02-at-3.39.31-PM-300x205.jpeg\" alt=\"\" width=\"300\" height=\"205\" srcset=\"https:\/\/mppee.gob.ve\/wp-content\/uploads\/2021\/03\/WhatsApp-Image-2021-03-02-at-3.39.31-PM-300x205.jpeg 300w, https:\/\/mppee.gob.ve\/wp-content\/uploads\/2021\/03\/WhatsApp-Image-2021-03-02-at-3.39.31-PM-1024x701.jpeg 1024w, https:\/\/mppee.gob.ve\/wp-content\/uploads\/2021\/03\/WhatsApp-Image-2021-03-02-at-3.39.31-PM-768x526.jpeg 768w, https:\/\/mppee.gob.ve\/wp-content\/uploads\/2021\/03\/WhatsApp-Image-2021-03-02-at-3.39.31-PM-130x90.jpeg 130w, https:\/\/mppee.gob.ve\/wp-content\/uploads\/2021\/03\/WhatsApp-Image-2021-03-02-at-3.39.31-PM.jpeg 1080w\" sizes=\"auto, (max-width: 300px) 100vw, 300px\" \/>Detall\u00f3 que se han visitado tres estados y se han atendido Un total de 42 mil 244 ciudadanos en las comunidades vulnerables de ocho estados del pa\u00eds, <strong>\u201cen Caracas se han abordado cuatro espacios con el acompa\u00f1amiento de 13 ministros quienes se han desplegado junto a 28 misiones.\u201d<\/strong><\/p>\n<p style=\"text-align: justify\">Las jornadas cuentan con la participaci\u00f3n de ministros, representantes de diversos entes e instituciones en materia de servicios p\u00fablicos, as\u00ed como de los diputados pertenecientes a la Comisi\u00f3n Permanente de Administraci\u00f3n y Servicios, quienes, han visitado las entidades y realizado 254 actividades para ofrecer respuesta oportuna a toda la poblaci\u00f3n.<\/p>\n<p style=\"text-align: justify\"><img loading=\"lazy\" decoding=\"async\" class=\"size-medium wp-image-83529 alignright\" src=\"http:\/\/10.200.87.50\/mppee\/wp-content\/uploads\/2021\/03\/WhatsApp-Image-2021-03-02-at-3.39.32-PM1-300x200.jpeg\" alt=\"\" width=\"300\" height=\"200\" srcset=\"https:\/\/mppee.gob.ve\/wp-content\/uploads\/2021\/03\/WhatsApp-Image-2021-03-02-at-3.39.32-PM1-300x200.jpeg 300w, https:\/\/mppee.gob.ve\/wp-content\/uploads\/2021\/03\/WhatsApp-Image-2021-03-02-at-3.39.32-PM1-768x512.jpeg 768w, https:\/\/mppee.gob.ve\/wp-content\/uploads\/2021\/03\/WhatsApp-Image-2021-03-02-at-3.39.32-PM1.jpeg 912w\" sizes=\"auto, (max-width: 300px) 100vw, 300px\" \/>Este fin de semana el abordaje se llevar\u00e1 a cabo en los estados Carabobo, Anzo\u00e1tegui, Aragua, Bol\u00edvar, Cojedes, Miranda, Trujillo, Zulia y Distrito Capital.<\/p>\n<p style=\"text-align: justify\"><strong>\u201cVamos a continuar realizando todas las coordinaciones que sean necesarias, para garantizar la estabilizaci\u00f3n de los servicios p\u00fablicos y vencer los efectos de la guerra multiforme\u201d<\/strong>, finaliz\u00f3 el tambi\u00e9n ministro del Poder Popular para la Energ\u00eda El\u00e9ctrica.<\/p>\n<p style=\"text-align: justify\"><strong>Prensa Mppee<\/strong><\/p>\n<p><img loading=\"lazy\" decoding=\"async\" class=\"aligncenter wp-image-83530 size-full\" src=\"http:\/\/10.200.87.50\/mppee\/wp-content\/uploads\/2021\/03\/WhatsApp-Image-2021-03-02-at-3.39.32-PM.jpeg\" alt=\"\" width=\"912\" height=\"608\" srcset=\"https:\/\/mppee.gob.ve\/wp-content\/uploads\/2021\/03\/WhatsApp-Image-2021-03-02-at-3.39.32-PM.jpeg 912w, https:\/\/mppee.gob.ve\/wp-content\/uploads\/2021\/03\/WhatsApp-Image-2021-03-02-at-3.39.32-PM-300x200.jpeg 300w, https:\/\/mppee.gob.ve\/wp-content\/uploads\/2021\/03\/WhatsApp-Image-2021-03-02-at-3.39.32-PM-768x512.jpeg 768w\" sizes=\"auto, (max-width: 912px) 100vw, 912px\" \/><\/p>\n","protected":false},"excerpt":{"rendered":"<p>En los pr\u00f3ximos d\u00edas, junto a la Fuerza de Tareas Especiales \u201cDr. Jos\u00e9 Gregorio Hern\u00e1ndez\u201d, iniciar\u00e1 la recuperaci\u00f3n de 66<\/p>\n","protected":false},"author":12,"featured_media":83525,"comment_status":"open","ping_status":"open","sticky":false,"template":"","format":"standard","meta":{"footnotes":""},"categories":[15],"tags":[11],"class_list":["post-83524","post","type-post","status-publish","format-standard","has-post-thumbnail","hentry","category-nacionales","tag-mppee"],"_links":{"self":[{"href":"https:\/\/mppee.gob.ve\/index.php?rest_route=\/wp\/v2\/posts\/83524","targetHints":{"allow":["GET"]}}],"collection":[{"href":"https:\/\/mppee.gob.ve\/index.php?rest_route=\/wp\/v2\/posts"}],"about":[{"href":"https:\/\/mppee.gob.ve\/index.php?rest_route=\/wp\/v2\/types\/post"}],"author":[{"embeddable":true,"href":"https:\/\/mppee.gob.ve\/index.php?rest_route=\/wp\/v2\/users\/12"}],"replies":[{"embeddable":true,"href":"https:\/\/mppee.gob.ve\/index.php?rest_route=%2Fwp%2Fv2%2Fcomments&post=83524"}],"version-history":[{"count":1,"href":"https:\/\/mppee.gob.ve\/index.php?rest_route=\/wp\/v2\/posts\/83524\/revisions"}],"predecessor-version":[{"id":83531,"href":"https:\/\/mppee.gob.ve\/index.php?rest_route=\/wp\/v2\/posts\/83524\/revisions\/83531"}],"wp:featuredmedia":[{"embeddable":true,"href":"https:\/\/mppee.gob.ve\/index.php?rest_route=\/wp\/v2\/media\/83525"}],"wp:attachment":[{"href":"https:\/\/mppee.gob.ve\/index.php?rest_route=%2Fwp%2Fv2%2Fmedia&parent=83524"}],"wp:term":[{"taxonomy":"category","embeddable":true,"href":"https:\/\/mppee.gob.ve\/index.php?rest_route=%2Fwp%2Fv2%2Fcategories&post=83524"},{"taxonomy":"post_tag","embeddable":true,"href":"https:\/\/mppee.gob.ve\/index.php?rest_route=%2Fwp%2Fv2%2Ftags&post=83524"}],"curies":[{"name":"wp","href":"https:\/\/api.w.org\/{rel}","templated":true}]}}