{"id":83532,"date":"2021-03-04T14:59:00","date_gmt":"2021-03-04T14:59:00","guid":{"rendered":"http:\/\/10.200.87.50\/mppee\/?p=83532"},"modified":"2021-03-05T15:15:51","modified_gmt":"2021-03-05T15:15:51","slug":"fuerza-trabajadora-de-corpoelec-brindo-atencion-oportuna-a-comunidad-de-sarria-en-caracas","status":"publish","type":"post","link":"https:\/\/mppee.gob.ve\/?p=83532","title":{"rendered":"Fuerza trabajadora de Corpoelec brind\u00f3 atenci\u00f3n oportuna a comunidad de Sarria en Caracas"},"content":{"rendered":"<p style=\"text-align: justify\"><img loading=\"lazy\" decoding=\"async\" class=\"wp-image-83537 size-medium alignleft\" src=\"http:\/\/10.200.87.50\/mppee\/wp-content\/uploads\/2021\/03\/WhatsApp-Image-2021-03-04-at-7.32.43-PM-300x169.jpeg\" alt=\"\" width=\"300\" height=\"169\" srcset=\"https:\/\/mppee.gob.ve\/wp-content\/uploads\/2021\/03\/WhatsApp-Image-2021-03-04-at-7.32.43-PM-300x169.jpeg 300w, https:\/\/mppee.gob.ve\/wp-content\/uploads\/2021\/03\/WhatsApp-Image-2021-03-04-at-7.32.43-PM-1024x576.jpeg 1024w, https:\/\/mppee.gob.ve\/wp-content\/uploads\/2021\/03\/WhatsApp-Image-2021-03-04-at-7.32.43-PM-768x432.jpeg 768w, https:\/\/mppee.gob.ve\/wp-content\/uploads\/2021\/03\/WhatsApp-Image-2021-03-04-at-7.32.43-PM.jpeg 1080w\" sizes=\"auto, (max-width: 300px) 100vw, 300px\" \/>La fuerza trabajadora de Corpoelec realiz\u00f3 el mejoramiento del sistema de alumbrado p\u00fablico en el sector de Sarria en la ciudad de Caracas, para dar respuesta inmediata a los reportes recibidos por parte de la comunidad organizada a trav\u00e9s de las redes sociales @ministerioenergiaelectrica y @corpoelecinfo.<\/p>\n<p style=\"text-align: justify\">El compromiso inquebrantable de los trabajadores de la Estatal el\u00e9ctrica para solventar cualquier solicitud requerida, fueron palpables al realizar de manera oportuna las mejoras al alumbrado p\u00fablico que requer\u00edan los habitantes de la populosa zona caraque\u00f1a.<\/p>\n<p style=\"text-align: justify\"><img loading=\"lazy\" decoding=\"async\" class=\"size-medium wp-image-83535 alignright\" src=\"http:\/\/10.200.87.50\/mppee\/wp-content\/uploads\/2021\/03\/WhatsApp-Image-2021-03-04-at-7.32.40-PM-300x169.jpeg\" alt=\"\" width=\"300\" height=\"169\" srcset=\"https:\/\/mppee.gob.ve\/wp-content\/uploads\/2021\/03\/WhatsApp-Image-2021-03-04-at-7.32.40-PM-300x169.jpeg 300w, https:\/\/mppee.gob.ve\/wp-content\/uploads\/2021\/03\/WhatsApp-Image-2021-03-04-at-7.32.40-PM-1024x576.jpeg 1024w, https:\/\/mppee.gob.ve\/wp-content\/uploads\/2021\/03\/WhatsApp-Image-2021-03-04-at-7.32.40-PM-768x432.jpeg 768w, https:\/\/mppee.gob.ve\/wp-content\/uploads\/2021\/03\/WhatsApp-Image-2021-03-04-at-7.32.40-PM.jpeg 1080w\" sizes=\"auto, (max-width: 300px) 100vw, 300px\" \/>De igual manera, realizaron inspecci\u00f3n y adecuaci\u00f3n de la iluminaci\u00f3n de las calles, instalaci\u00f3n de bombillos con tecnolog\u00eda LED, revisi\u00f3n del cableado y componentes el\u00e9ctricos en los diferentes postes de la zona.<\/p>\n<p style=\"text-align: justify\">Por su parte, el se\u00f1or Jos\u00e9 Texeira (vecino de la comunidad), quien report\u00f3 la eventualidad del alumbrado p\u00fablico a trav\u00e9s de los medios digitales, expres\u00f3 su satisfacci\u00f3n: <strong>\u201cLa comunidad de la esquina Libertad de Sarria, le extendemos un agradecimiento al ministro N\u00e9stor Reverol por haber acatado nuestro llamado por redes sociales y poder resolver las problem\u00e1ticas de las luminarias p\u00fablicas\u201d.<\/strong><\/p>\n<p style=\"text-align: justify\"><strong><img loading=\"lazy\" decoding=\"async\" class=\"size-medium wp-image-83538 alignleft\" src=\"http:\/\/10.200.87.50\/mppee\/wp-content\/uploads\/2021\/03\/WhatsApp-Image-2021-03-04-at-7.32.45-PM-300x169.jpeg\" alt=\"\" width=\"300\" height=\"169\" srcset=\"https:\/\/mppee.gob.ve\/wp-content\/uploads\/2021\/03\/WhatsApp-Image-2021-03-04-at-7.32.45-PM-300x169.jpeg 300w, https:\/\/mppee.gob.ve\/wp-content\/uploads\/2021\/03\/WhatsApp-Image-2021-03-04-at-7.32.45-PM-1024x576.jpeg 1024w, https:\/\/mppee.gob.ve\/wp-content\/uploads\/2021\/03\/WhatsApp-Image-2021-03-04-at-7.32.45-PM-768x432.jpeg 768w, https:\/\/mppee.gob.ve\/wp-content\/uploads\/2021\/03\/WhatsApp-Image-2021-03-04-at-7.32.45-PM.jpeg 1080w\" sizes=\"auto, (max-width: 300px) 100vw, 300px\" \/>\u201cFue una respuesta oportuna. Se comunicaron conmigo a trav\u00e9s de las redes y al d\u00eda siguiente a la 7 de la ma\u00f1ana ya estaba aqu\u00ed la cuadrilla\u201d<\/strong> manifest\u00f3 el se\u00f1or Texeira.<\/p>\n<p style=\"text-align: justify\">La fuerza trabajadora de Corpoelec contin\u00faa desplegada en el territorio nacional para garantizar un servicio el\u00e9ctrico seguro y confiable en el pa\u00eds. As\u00ed mismo, la Corporaci\u00f3n reitera el llamado a realizar los reportes de eventualidades del sistema el\u00e9ctrico nacional mediante las redes sociales @corpoelecinfo y @ministerioenergiaelectrica.<\/p>\n<p style=\"text-align: justify\"><strong>Prensa Corpoelec<\/strong><\/p>\n","protected":false},"excerpt":{"rendered":"<p>La fuerza trabajadora de Corpoelec realiz\u00f3 el mejoramiento del sistema de alumbrado p\u00fablico en el sector de Sarria en la<\/p>\n","protected":false},"author":12,"featured_media":83533,"comment_status":"open","ping_status":"open","sticky":false,"template":"","format":"standard","meta":{"footnotes":""},"categories":[15],"tags":[11],"class_list":["post-83532","post","type-post","status-publish","format-standard","has-post-thumbnail","hentry","category-nacionales","tag-mppee"],"_links":{"self":[{"href":"https:\/\/mppee.gob.ve\/index.php?rest_route=\/wp\/v2\/posts\/83532","targetHints":{"allow":["GET"]}}],"collection":[{"href":"https:\/\/mppee.gob.ve\/index.php?rest_route=\/wp\/v2\/posts"}],"about":[{"href":"https:\/\/mppee.gob.ve\/index.php?rest_route=\/wp\/v2\/types\/post"}],"author":[{"embeddable":true,"href":"https:\/\/mppee.gob.ve\/index.php?rest_route=\/wp\/v2\/users\/12"}],"replies":[{"embeddable":true,"href":"https:\/\/mppee.gob.ve\/index.php?rest_route=%2Fwp%2Fv2%2Fcomments&post=83532"}],"version-history":[{"count":1,"href":"https:\/\/mppee.gob.ve\/index.php?rest_route=\/wp\/v2\/posts\/83532\/revisions"}],"predecessor-version":[{"id":83539,"href":"https:\/\/mppee.gob.ve\/index.php?rest_route=\/wp\/v2\/posts\/83532\/revisions\/83539"}],"wp:featuredmedia":[{"embeddable":true,"href":"https:\/\/mppee.gob.ve\/index.php?rest_route=\/wp\/v2\/media\/83533"}],"wp:attachment":[{"href":"https:\/\/mppee.gob.ve\/index.php?rest_route=%2Fwp%2Fv2%2Fmedia&parent=83532"}],"wp:term":[{"taxonomy":"category","embeddable":true,"href":"https:\/\/mppee.gob.ve\/index.php?rest_route=%2Fwp%2Fv2%2Fcategories&post=83532"},{"taxonomy":"post_tag","embeddable":true,"href":"https:\/\/mppee.gob.ve\/index.php?rest_route=%2Fwp%2Fv2%2Ftags&post=83532"}],"curies":[{"name":"wp","href":"https:\/\/api.w.org\/{rel}","templated":true}]}}