{"id":83540,"date":"2021-03-05T16:25:00","date_gmt":"2021-03-05T16:25:00","guid":{"rendered":"http:\/\/10.200.87.50\/mppee\/?p=83540"},"modified":"2021-03-11T16:39:12","modified_gmt":"2021-03-11T16:39:12","slug":"fuerza-trabajadora-del-sector-electrico-enaltece-legado-del-comandante-hugo-chavez","status":"publish","type":"post","link":"https:\/\/mppee.gob.ve\/?p=83540","title":{"rendered":"Fuerza trabajadora del sector el\u00e9ctrico enaltece legado del Comandante Hugo Ch\u00e1vez"},"content":{"rendered":"<p style=\"text-align: justify\"><img loading=\"lazy\" decoding=\"async\" class=\"size-medium wp-image-83543 alignleft\" src=\"http:\/\/10.200.87.50\/mppee\/wp-content\/uploads\/2021\/03\/WhatsApp-Image-2021-03-05-at-1.46.36-PM1-300x300.jpeg\" alt=\"\" width=\"300\" height=\"300\" srcset=\"https:\/\/mppee.gob.ve\/wp-content\/uploads\/2021\/03\/WhatsApp-Image-2021-03-05-at-1.46.36-PM1-300x300.jpeg 300w, https:\/\/mppee.gob.ve\/wp-content\/uploads\/2021\/03\/WhatsApp-Image-2021-03-05-at-1.46.36-PM1-1024x1024.jpeg 1024w, https:\/\/mppee.gob.ve\/wp-content\/uploads\/2021\/03\/WhatsApp-Image-2021-03-05-at-1.46.36-PM1-150x150.jpeg 150w, https:\/\/mppee.gob.ve\/wp-content\/uploads\/2021\/03\/WhatsApp-Image-2021-03-05-at-1.46.36-PM1-768x768.jpeg 768w, https:\/\/mppee.gob.ve\/wp-content\/uploads\/2021\/03\/WhatsApp-Image-2021-03-05-at-1.46.36-PM1.jpeg 1080w\" sizes=\"auto, (max-width: 300px) 100vw, 300px\" \/>Este viernes, la fuerza trabajadora del sector el\u00e9ctrico\u00a0 conmemora el 8vo aniversario de la siembra del L\u00edder de la Revoluci\u00f3n Bolivariana, Hugo Ch\u00e1vez.<\/p>\n<p style=\"text-align: justify\">A trav\u00e9s de la red social instagram, el ministro del Poder Popular de Energ\u00eda El\u00e9ctrica, G\/J N\u00e9stor Reverol, destac\u00f3 la importancia que tuvo el Comandante para la revoluci\u00f3n de Venezuela y los pueblos de Latinoam\u00e9rica.<\/p>\n<p style=\"text-align: justify\"><strong>\u00abHoy, a un a\u00f1o m\u00e1s del paso a la inmortalidad de nuestro Comandante Hugo Ch\u00e1vez, enaltecemos al hombre que tuvo como misi\u00f3n cambiar el destino de esta Patria, quien sembr\u00f3 la semilla de esperanza y nos ense\u00f1\u00f3 los ideales de Bol\u00edvar para defender nuestra independencia, libertad y soberan\u00eda\u00bb \u00a1CH\u00c1VEZ SIEMPRE VIVIR\u00c1 EN NUESTROS CORAZONES!<\/strong><\/p>\n<p style=\"text-align: justify\"><img loading=\"lazy\" decoding=\"async\" class=\"size-medium wp-image-83542 alignright\" src=\"http:\/\/10.200.87.50\/mppee\/wp-content\/uploads\/2021\/03\/WhatsApp-Image-2021-03-05-at-1.46.34-PM-300x300.jpeg\" alt=\"\" width=\"300\" height=\"300\" srcset=\"https:\/\/mppee.gob.ve\/wp-content\/uploads\/2021\/03\/WhatsApp-Image-2021-03-05-at-1.46.34-PM-300x300.jpeg 300w, https:\/\/mppee.gob.ve\/wp-content\/uploads\/2021\/03\/WhatsApp-Image-2021-03-05-at-1.46.34-PM-1024x1024.jpeg 1024w, https:\/\/mppee.gob.ve\/wp-content\/uploads\/2021\/03\/WhatsApp-Image-2021-03-05-at-1.46.34-PM-150x150.jpeg 150w, https:\/\/mppee.gob.ve\/wp-content\/uploads\/2021\/03\/WhatsApp-Image-2021-03-05-at-1.46.34-PM-768x768.jpeg 768w, https:\/\/mppee.gob.ve\/wp-content\/uploads\/2021\/03\/WhatsApp-Image-2021-03-05-at-1.46.34-PM.jpeg 1080w\" sizes=\"auto, (max-width: 300px) 100vw, 300px\" \/>El 5 de marzo de 2013, a las 4:25 de la tarde, el actual presidente de la Rep\u00fablica, Nicol\u00e1s Maduro inform\u00f3 a trav\u00e9s de cadena nacional, que hab\u00eda fallecido el L\u00edder de la Revoluci\u00f3n Bolivariana, Hugo Ch\u00e1vez.<\/p>\n<p style=\"text-align: justify\"><strong>\u00abComandante, donde usted est\u00e9, gracias, mil veces gracias, por parte de este pueblo que usted protegi\u00f3, que usted am\u00f3 y que nunca le va a fallar\u00bb<\/strong>, dijo Nicol\u00e1s Maduro.<\/p>\n<p style=\"text-align: justify\"><strong>Prensa Mppee<\/strong><\/p>\n","protected":false},"excerpt":{"rendered":"<p>Este viernes, la fuerza trabajadora del sector el\u00e9ctrico\u00a0 conmemora el 8vo aniversario de la siembra del L\u00edder de la Revoluci\u00f3n<\/p>\n","protected":false},"author":12,"featured_media":83541,"comment_status":"open","ping_status":"open","sticky":false,"template":"","format":"standard","meta":{"footnotes":""},"categories":[15],"tags":[11],"class_list":["post-83540","post","type-post","status-publish","format-standard","has-post-thumbnail","hentry","category-nacionales","tag-mppee"],"_links":{"self":[{"href":"https:\/\/mppee.gob.ve\/index.php?rest_route=\/wp\/v2\/posts\/83540","targetHints":{"allow":["GET"]}}],"collection":[{"href":"https:\/\/mppee.gob.ve\/index.php?rest_route=\/wp\/v2\/posts"}],"about":[{"href":"https:\/\/mppee.gob.ve\/index.php?rest_route=\/wp\/v2\/types\/post"}],"author":[{"embeddable":true,"href":"https:\/\/mppee.gob.ve\/index.php?rest_route=\/wp\/v2\/users\/12"}],"replies":[{"embeddable":true,"href":"https:\/\/mppee.gob.ve\/index.php?rest_route=%2Fwp%2Fv2%2Fcomments&post=83540"}],"version-history":[{"count":1,"href":"https:\/\/mppee.gob.ve\/index.php?rest_route=\/wp\/v2\/posts\/83540\/revisions"}],"predecessor-version":[{"id":83544,"href":"https:\/\/mppee.gob.ve\/index.php?rest_route=\/wp\/v2\/posts\/83540\/revisions\/83544"}],"wp:featuredmedia":[{"embeddable":true,"href":"https:\/\/mppee.gob.ve\/index.php?rest_route=\/wp\/v2\/media\/83541"}],"wp:attachment":[{"href":"https:\/\/mppee.gob.ve\/index.php?rest_route=%2Fwp%2Fv2%2Fmedia&parent=83540"}],"wp:term":[{"taxonomy":"category","embeddable":true,"href":"https:\/\/mppee.gob.ve\/index.php?rest_route=%2Fwp%2Fv2%2Fcategories&post=83540"},{"taxonomy":"post_tag","embeddable":true,"href":"https:\/\/mppee.gob.ve\/index.php?rest_route=%2Fwp%2Fv2%2Ftags&post=83540"}],"curies":[{"name":"wp","href":"https:\/\/api.w.org\/{rel}","templated":true}]}}