{"id":83545,"date":"2021-03-05T16:39:00","date_gmt":"2021-03-05T16:39:00","guid":{"rendered":"http:\/\/10.200.87.50\/mppee\/?p=83545"},"modified":"2021-03-11T16:49:12","modified_gmt":"2021-03-11T16:49:12","slug":"sector-electrico-crea-conciencia-sobre-importancia-del-uso-racional-y-eficiente-de-la-energia-electrica","status":"publish","type":"post","link":"https:\/\/mppee.gob.ve\/?p=83545","title":{"rendered":"Sector el\u00e9ctrico crea conciencia sobre importancia del uso racional y eficiente de la energ\u00eda el\u00e9ctrica"},"content":{"rendered":"<p style=\"text-align: justify\"><img loading=\"lazy\" decoding=\"async\" class=\"size-medium wp-image-83547 alignleft\" src=\"http:\/\/10.200.87.50\/mppee\/wp-content\/uploads\/2021\/03\/WhatsApp-Image-2021-03-05-at-3.21.27-PM1-300x200.jpeg\" alt=\"\" width=\"300\" height=\"200\" srcset=\"https:\/\/mppee.gob.ve\/wp-content\/uploads\/2021\/03\/WhatsApp-Image-2021-03-05-at-3.21.27-PM1-300x200.jpeg 300w, https:\/\/mppee.gob.ve\/wp-content\/uploads\/2021\/03\/WhatsApp-Image-2021-03-05-at-3.21.27-PM1-768x512.jpeg 768w, https:\/\/mppee.gob.ve\/wp-content\/uploads\/2021\/03\/WhatsApp-Image-2021-03-05-at-3.21.27-PM1.jpeg 912w\" sizes=\"auto, (max-width: 300px) 100vw, 300px\" \/>El ministro del Poder Popular para la Energ\u00eda El\u00e9ctrica, G\/J N\u00e9stor Reverol, junto a la fuerza trabajadora, reafirma su compromiso para continuar promoviendo la conciencia sobre la importancia del uso racional de la energ\u00eda, para el bien de los seres humanos y el planeta, a prop\u00f3sito del D\u00eda Mundial de la Eficiencia Energ\u00e9tica.<\/p>\n<p style=\"text-align: justify\">Mediante una publicaci\u00f3n en la red social Instagram, recalc\u00f3<strong> \u00abcreamos conciencia sobre el consumo de recursos como la electricidad, el agua y los combustibles f\u00f3siles\u00bb.<\/strong><\/p>\n<p style=\"text-align: justify\"><img loading=\"lazy\" decoding=\"async\" class=\"size-medium wp-image-83546 alignright\" src=\"http:\/\/10.200.87.50\/mppee\/wp-content\/uploads\/2021\/03\/WhatsApp-Image-2021-03-05-at-3.21.26-PM-300x200.jpeg\" alt=\"\" width=\"300\" height=\"200\" srcset=\"https:\/\/mppee.gob.ve\/wp-content\/uploads\/2021\/03\/WhatsApp-Image-2021-03-05-at-3.21.26-PM-300x200.jpeg 300w, https:\/\/mppee.gob.ve\/wp-content\/uploads\/2021\/03\/WhatsApp-Image-2021-03-05-at-3.21.26-PM-768x512.jpeg 768w, https:\/\/mppee.gob.ve\/wp-content\/uploads\/2021\/03\/WhatsApp-Image-2021-03-05-at-3.21.26-PM.jpeg 912w\" sizes=\"auto, (max-width: 300px) 100vw, 300px\" \/>Precis\u00f3 que desde el sector el\u00e9ctrico de Venezuela<strong> \u00abreafirmamos el compromiso heredado de nuestro Comandante Supremo Hugo Ch\u00e1vez, de salvaguardar la vida en el planeta, para que nuestra Patria sea cada d\u00eda m\u00e1s eficiente en el uso de la energ\u00eda a trav\u00e9s del desarrollo de pol\u00edticas p\u00fablicas que optimicen sus procesos de producci\u00f3n, apueste por fuentes de energ\u00eda renovable y fomente el consumo responsable\u00bb.<\/strong><\/p>\n<p style=\"text-align: justify\">Reverol Torres junto a la masa trabajadora ha realizado supervisiones de las estaciones, subestaciones y plantas nodales de Corpoelec, como parte del proceso de verificaci\u00f3n profunda del Servicio El\u00e9ctrico Nacional (SEN), solicitado por el presidente de la Rep\u00fablica, Nicol\u00e1s Maduro Moros.<\/p>\n<p style=\"text-align: justify\">Adem\u00e1s, ha revisado los procesos de generaci\u00f3n, distribuci\u00f3n y transmisi\u00f3n de corriente a las estaciones y subestaciones el\u00e9ctricas, para garantizar que el servicio llegue a todos los lugares de Venezuela.<\/p>\n<p style=\"text-align: justify\"><strong>Prensa Mppee<\/strong><\/p>\n","protected":false},"excerpt":{"rendered":"<p>El ministro del Poder Popular para la Energ\u00eda El\u00e9ctrica, G\/J N\u00e9stor Reverol, junto a la fuerza trabajadora, reafirma su compromiso<\/p>\n","protected":false},"author":12,"featured_media":83548,"comment_status":"open","ping_status":"open","sticky":false,"template":"","format":"standard","meta":{"footnotes":""},"categories":[15],"tags":[11],"class_list":["post-83545","post","type-post","status-publish","format-standard","has-post-thumbnail","hentry","category-nacionales","tag-mppee"],"_links":{"self":[{"href":"https:\/\/mppee.gob.ve\/index.php?rest_route=\/wp\/v2\/posts\/83545","targetHints":{"allow":["GET"]}}],"collection":[{"href":"https:\/\/mppee.gob.ve\/index.php?rest_route=\/wp\/v2\/posts"}],"about":[{"href":"https:\/\/mppee.gob.ve\/index.php?rest_route=\/wp\/v2\/types\/post"}],"author":[{"embeddable":true,"href":"https:\/\/mppee.gob.ve\/index.php?rest_route=\/wp\/v2\/users\/12"}],"replies":[{"embeddable":true,"href":"https:\/\/mppee.gob.ve\/index.php?rest_route=%2Fwp%2Fv2%2Fcomments&post=83545"}],"version-history":[{"count":1,"href":"https:\/\/mppee.gob.ve\/index.php?rest_route=\/wp\/v2\/posts\/83545\/revisions"}],"predecessor-version":[{"id":83549,"href":"https:\/\/mppee.gob.ve\/index.php?rest_route=\/wp\/v2\/posts\/83545\/revisions\/83549"}],"wp:featuredmedia":[{"embeddable":true,"href":"https:\/\/mppee.gob.ve\/index.php?rest_route=\/wp\/v2\/media\/83548"}],"wp:attachment":[{"href":"https:\/\/mppee.gob.ve\/index.php?rest_route=%2Fwp%2Fv2%2Fmedia&parent=83545"}],"wp:term":[{"taxonomy":"category","embeddable":true,"href":"https:\/\/mppee.gob.ve\/index.php?rest_route=%2Fwp%2Fv2%2Fcategories&post=83545"},{"taxonomy":"post_tag","embeddable":true,"href":"https:\/\/mppee.gob.ve\/index.php?rest_route=%2Fwp%2Fv2%2Ftags&post=83545"}],"curies":[{"name":"wp","href":"https:\/\/api.w.org\/{rel}","templated":true}]}}