{"id":83557,"date":"2021-03-11T20:30:29","date_gmt":"2021-03-11T20:30:29","guid":{"rendered":"http:\/\/10.200.87.50\/mppee\/?p=83557"},"modified":"2021-03-15T20:38:16","modified_gmt":"2021-03-15T20:38:16","slug":"ministro-reverol-denuncia-nuevo-ataque-contra-plan-integral-de-iluminacion-en-la-avenida-boyaca-de-caracas","status":"publish","type":"post","link":"https:\/\/mppee.gob.ve\/?p=83557","title":{"rendered":"Ministro Reverol denuncia nuevo ataque contra Plan Integral de Iluminaci\u00f3n en la avenida Boyac\u00e1 de Caracas"},"content":{"rendered":"<p style=\"text-align: justify\"><img loading=\"lazy\" decoding=\"async\" class=\"size-medium wp-image-83561 alignleft\" src=\"http:\/\/10.200.87.50\/mppee\/wp-content\/uploads\/2021\/03\/WhatsApp-Image-2021-03-11-at-11.01.07-PM-300x216.jpeg\" alt=\"\" width=\"300\" height=\"216\" srcset=\"https:\/\/mppee.gob.ve\/wp-content\/uploads\/2021\/03\/WhatsApp-Image-2021-03-11-at-11.01.07-PM-300x216.jpeg 300w, https:\/\/mppee.gob.ve\/wp-content\/uploads\/2021\/03\/WhatsApp-Image-2021-03-11-at-11.01.07-PM-768x553.jpeg 768w, https:\/\/mppee.gob.ve\/wp-content\/uploads\/2021\/03\/WhatsApp-Image-2021-03-11-at-11.01.07-PM.jpeg 1000w\" sizes=\"auto, (max-width: 300px) 100vw, 300px\" \/>Este jueves, el ministro del Poder Popular para la Energ\u00eda El\u00e9ctrica, G\/J N\u00e9stor Reverol, denunci\u00f3 un nuevo ataque contra el Plan Integral de Iluminaci\u00f3n, espec\u00edficamente en la avenida Boyac\u00e1, donde un total de 90 luminarias LED, fueron vandalizadas, para afectar la seguridad en esta importante v\u00eda expresa de la ciudad de Caracas.<\/p>\n<p style=\"text-align: justify\">A trav\u00e9s de su cuenta en la red social Instagram, indic\u00f3 que las luminarias fueron instaladas en el pasado mes de diciembre de 2020.<\/p>\n<p style=\"text-align: justify\"><img loading=\"lazy\" decoding=\"async\" class=\"size-medium wp-image-83560 alignright\" src=\"http:\/\/10.200.87.50\/mppee\/wp-content\/uploads\/2021\/03\/WhatsApp-Image-2021-03-11-at-11.01.07-PM2-300x199.jpeg\" alt=\"\" width=\"300\" height=\"199\" srcset=\"https:\/\/mppee.gob.ve\/wp-content\/uploads\/2021\/03\/WhatsApp-Image-2021-03-11-at-11.01.07-PM2-300x199.jpeg 300w, https:\/\/mppee.gob.ve\/wp-content\/uploads\/2021\/03\/WhatsApp-Image-2021-03-11-at-11.01.07-PM2-1024x681.jpeg 1024w, https:\/\/mppee.gob.ve\/wp-content\/uploads\/2021\/03\/WhatsApp-Image-2021-03-11-at-11.01.07-PM2-768x511.jpeg 768w, https:\/\/mppee.gob.ve\/wp-content\/uploads\/2021\/03\/WhatsApp-Image-2021-03-11-at-11.01.07-PM2.jpeg 1080w\" sizes=\"auto, (max-width: 300px) 100vw, 300px\" \/>\u00abArticularemos con los organismos de seguridad ciudadana para efectuar las investigaciones pertinentes y garantizar de esta forma el bienestar y la tranquilidad del pueblo venezolano\u00bb, dijo.<\/p>\n<p style=\"text-align: justify\">El tambi\u00e9n Vicepresidente Sectorial de Obras P\u00fablicas y Servicios, invit\u00f3 a la poblaci\u00f3n a denunciar cualquier eventualidad ante el sector el\u00e9ctrico u otro servicio que atente contra la paz de los venezolanos.<\/p>\n<p style=\"text-align: justify\">Las denuncias se pueden realizar a trav\u00e9s de las redes sociales @ministerioenergiaelectrica, @corpoelecinfo y por el correo electr\u00f3nico denuncialasmafias@gmail.com<\/p>\n<p><strong>Prensa Mppee<\/strong><\/p>\n<p><img loading=\"lazy\" decoding=\"async\" class=\"aligncenter wp-image-83559 size-full\" src=\"http:\/\/10.200.87.50\/mppee\/wp-content\/uploads\/2021\/03\/WhatsApp-Image-2021-03-11-at-11.01.06-PM.jpeg\" alt=\"\" width=\"980\" height=\"720\" srcset=\"https:\/\/mppee.gob.ve\/wp-content\/uploads\/2021\/03\/WhatsApp-Image-2021-03-11-at-11.01.06-PM.jpeg 980w, https:\/\/mppee.gob.ve\/wp-content\/uploads\/2021\/03\/WhatsApp-Image-2021-03-11-at-11.01.06-PM-300x220.jpeg 300w, https:\/\/mppee.gob.ve\/wp-content\/uploads\/2021\/03\/WhatsApp-Image-2021-03-11-at-11.01.06-PM-768x564.jpeg 768w\" sizes=\"auto, (max-width: 980px) 100vw, 980px\" \/><\/p>\n","protected":false},"excerpt":{"rendered":"<p>Este jueves, el ministro del Poder Popular para la Energ\u00eda El\u00e9ctrica, G\/J N\u00e9stor Reverol, denunci\u00f3 un nuevo ataque contra el<\/p>\n","protected":false},"author":12,"featured_media":83558,"comment_status":"open","ping_status":"open","sticky":false,"template":"","format":"standard","meta":{"footnotes":""},"categories":[15],"tags":[11],"class_list":["post-83557","post","type-post","status-publish","format-standard","has-post-thumbnail","hentry","category-nacionales","tag-mppee"],"_links":{"self":[{"href":"https:\/\/mppee.gob.ve\/index.php?rest_route=\/wp\/v2\/posts\/83557","targetHints":{"allow":["GET"]}}],"collection":[{"href":"https:\/\/mppee.gob.ve\/index.php?rest_route=\/wp\/v2\/posts"}],"about":[{"href":"https:\/\/mppee.gob.ve\/index.php?rest_route=\/wp\/v2\/types\/post"}],"author":[{"embeddable":true,"href":"https:\/\/mppee.gob.ve\/index.php?rest_route=\/wp\/v2\/users\/12"}],"replies":[{"embeddable":true,"href":"https:\/\/mppee.gob.ve\/index.php?rest_route=%2Fwp%2Fv2%2Fcomments&post=83557"}],"version-history":[{"count":1,"href":"https:\/\/mppee.gob.ve\/index.php?rest_route=\/wp\/v2\/posts\/83557\/revisions"}],"predecessor-version":[{"id":83562,"href":"https:\/\/mppee.gob.ve\/index.php?rest_route=\/wp\/v2\/posts\/83557\/revisions\/83562"}],"wp:featuredmedia":[{"embeddable":true,"href":"https:\/\/mppee.gob.ve\/index.php?rest_route=\/wp\/v2\/media\/83558"}],"wp:attachment":[{"href":"https:\/\/mppee.gob.ve\/index.php?rest_route=%2Fwp%2Fv2%2Fmedia&parent=83557"}],"wp:term":[{"taxonomy":"category","embeddable":true,"href":"https:\/\/mppee.gob.ve\/index.php?rest_route=%2Fwp%2Fv2%2Fcategories&post=83557"},{"taxonomy":"post_tag","embeddable":true,"href":"https:\/\/mppee.gob.ve\/index.php?rest_route=%2Fwp%2Fv2%2Ftags&post=83557"}],"curies":[{"name":"wp","href":"https:\/\/api.w.org\/{rel}","templated":true}]}}