{"id":83563,"date":"2021-03-12T20:39:00","date_gmt":"2021-03-12T20:39:00","guid":{"rendered":"http:\/\/10.200.87.50\/mppee\/?p=83563"},"modified":"2021-03-15T20:50:27","modified_gmt":"2021-03-15T20:50:27","slug":"capturados-sujetos-por-hurto-y-comercializacion-de-luminarias-de-la-cota-mil","status":"publish","type":"post","link":"https:\/\/mppee.gob.ve\/?p=83563","title":{"rendered":"Capturados sujetos por hurto y comercializaci\u00f3n de luminarias de la Cota Mil"},"content":{"rendered":"<p style=\"text-align: justify\"><img loading=\"lazy\" decoding=\"async\" class=\"size-medium wp-image-83564 alignleft\" src=\"http:\/\/10.200.87.50\/mppee\/wp-content\/uploads\/2021\/03\/WhatsApp-Image-2021-03-12-at-12.00.51-PM-169x300.jpeg\" alt=\"\" width=\"169\" height=\"300\" srcset=\"https:\/\/mppee.gob.ve\/wp-content\/uploads\/2021\/03\/WhatsApp-Image-2021-03-12-at-12.00.51-PM-169x300.jpeg 169w, https:\/\/mppee.gob.ve\/wp-content\/uploads\/2021\/03\/WhatsApp-Image-2021-03-12-at-12.00.51-PM.jpeg 576w\" sizes=\"auto, (max-width: 169px) 100vw, 169px\" \/>El ministro del Poder Popular para la Energ\u00eda El\u00e9ctrica, G\/J N\u00e9stor Reverol, este viernes inform\u00f3 la detenci\u00f3n de las tres personas responsables del hurto y comercializaci\u00f3n de las luminarias LED de la avenida Boyac\u00e1 de Caracas.<\/p>\n<p style=\"text-align: justify\">A trav\u00e9s de su cuenta en la red social Instagram, indic\u00f3 que los sujetos fueron identificados como Jonathan Josue Acosta Gonz\u00e1lez, (43), dedicado a la sustracci\u00f3n del material el\u00e9ctrico en el lugar, Jean Carlos Valera Humbria (40) y Jimmy Jhoan Rosas Robles (34), quienes comercializaban las luminarias.<\/p>\n<p style=\"text-align: justify\">Precis\u00f3 que tras investigaciones a trav\u00e9s de los medios digitales y gracias a las denuncias recibidas en las redes sociales, funcionarios de la Divisi\u00f3n de Investigaciones Contra el Terrorismo del Cuerpo de Investigaciones Cient\u00edficas, Penales y Criminal\u00edsticas (Cicpc), lograron la captura de los sujetos.<\/p>\n<p style=\"text-align: justify\"><img loading=\"lazy\" decoding=\"async\" class=\"size-medium wp-image-83565 alignright\" src=\"http:\/\/10.200.87.50\/mppee\/wp-content\/uploads\/2021\/03\/WhatsApp-Image-2021-03-12-at-12.00.53-PM1-300x200.jpeg\" alt=\"\" width=\"300\" height=\"200\" srcset=\"https:\/\/mppee.gob.ve\/wp-content\/uploads\/2021\/03\/WhatsApp-Image-2021-03-12-at-12.00.53-PM1-300x200.jpeg 300w, https:\/\/mppee.gob.ve\/wp-content\/uploads\/2021\/03\/WhatsApp-Image-2021-03-12-at-12.00.53-PM1-768x512.jpeg 768w, https:\/\/mppee.gob.ve\/wp-content\/uploads\/2021\/03\/WhatsApp-Image-2021-03-12-at-12.00.53-PM1.jpeg 912w\" sizes=\"auto, (max-width: 300px) 100vw, 300px\" \/>El tambi\u00e9n Vicepresidente Sectorial de Obras P\u00fablicas y Servicios, destac\u00f3 que est\u00e1s acciones atentan directamente contra el Sistema El\u00e9ctrico Nacional y las labores que realiza la fuerza trabajadora de Corpoelec, para garantizar al pueblo espacios iluminados y seguros.<\/p>\n<p style=\"text-align: justify\"><strong>\u00abSeguiremos trabajando en el Plan Integral de Iluminaci\u00f3n venciendo todos los obst\u00e1culos que se presenten, con un alto compromiso de brindar al pueblo venezolano un servicio \u00f3ptimo de alumbrado p\u00fablico\u00bb,<\/strong> dijo el General en Jefe.<\/p>\n<p style=\"text-align: justify\"><strong>Prensa Mppee<\/strong><\/p>\n<p><img loading=\"lazy\" decoding=\"async\" class=\"aligncenter wp-image-83569 size-full\" src=\"http:\/\/10.200.87.50\/mppee\/wp-content\/uploads\/2021\/03\/WhatsApp-Image-2021-03-12-at-12.00.56-PM1.jpeg\" alt=\"\" width=\"912\" height=\"608\" srcset=\"https:\/\/mppee.gob.ve\/wp-content\/uploads\/2021\/03\/WhatsApp-Image-2021-03-12-at-12.00.56-PM1.jpeg 912w, https:\/\/mppee.gob.ve\/wp-content\/uploads\/2021\/03\/WhatsApp-Image-2021-03-12-at-12.00.56-PM1-300x200.jpeg 300w, https:\/\/mppee.gob.ve\/wp-content\/uploads\/2021\/03\/WhatsApp-Image-2021-03-12-at-12.00.56-PM1-768x512.jpeg 768w\" sizes=\"auto, (max-width: 912px) 100vw, 912px\" \/> <img loading=\"lazy\" decoding=\"async\" class=\"aligncenter wp-image-83568 size-full\" src=\"http:\/\/10.200.87.50\/mppee\/wp-content\/uploads\/2021\/03\/WhatsApp-Image-2021-03-12-at-12.00.54-PM.jpeg\" alt=\"\" width=\"912\" height=\"608\" srcset=\"https:\/\/mppee.gob.ve\/wp-content\/uploads\/2021\/03\/WhatsApp-Image-2021-03-12-at-12.00.54-PM.jpeg 912w, https:\/\/mppee.gob.ve\/wp-content\/uploads\/2021\/03\/WhatsApp-Image-2021-03-12-at-12.00.54-PM-300x200.jpeg 300w, https:\/\/mppee.gob.ve\/wp-content\/uploads\/2021\/03\/WhatsApp-Image-2021-03-12-at-12.00.54-PM-768x512.jpeg 768w\" sizes=\"auto, (max-width: 912px) 100vw, 912px\" \/> <img loading=\"lazy\" decoding=\"async\" class=\"aligncenter wp-image-83566 size-full\" src=\"http:\/\/10.200.87.50\/mppee\/wp-content\/uploads\/2021\/03\/WhatsApp-Image-2021-03-12-at-12.00.53-PM.jpeg\" alt=\"\" width=\"912\" height=\"608\" srcset=\"https:\/\/mppee.gob.ve\/wp-content\/uploads\/2021\/03\/WhatsApp-Image-2021-03-12-at-12.00.53-PM.jpeg 912w, https:\/\/mppee.gob.ve\/wp-content\/uploads\/2021\/03\/WhatsApp-Image-2021-03-12-at-12.00.53-PM-300x200.jpeg 300w, https:\/\/mppee.gob.ve\/wp-content\/uploads\/2021\/03\/WhatsApp-Image-2021-03-12-at-12.00.53-PM-768x512.jpeg 768w\" sizes=\"auto, (max-width: 912px) 100vw, 912px\" \/> <img loading=\"lazy\" decoding=\"async\" class=\"aligncenter wp-image-83571 size-full\" src=\"http:\/\/10.200.87.50\/mppee\/wp-content\/uploads\/2021\/03\/WhatsApp-Image-2021-03-12-at-12.00.56-PM.jpeg\" alt=\"\" width=\"912\" height=\"608\" srcset=\"https:\/\/mppee.gob.ve\/wp-content\/uploads\/2021\/03\/WhatsApp-Image-2021-03-12-at-12.00.56-PM.jpeg 912w, https:\/\/mppee.gob.ve\/wp-content\/uploads\/2021\/03\/WhatsApp-Image-2021-03-12-at-12.00.56-PM-300x200.jpeg 300w, https:\/\/mppee.gob.ve\/wp-content\/uploads\/2021\/03\/WhatsApp-Image-2021-03-12-at-12.00.56-PM-768x512.jpeg 768w\" sizes=\"auto, (max-width: 912px) 100vw, 912px\" \/><\/p>\n","protected":false},"excerpt":{"rendered":"<p>El ministro del Poder Popular para la Energ\u00eda El\u00e9ctrica, G\/J N\u00e9stor Reverol, este viernes inform\u00f3 la detenci\u00f3n de las tres<\/p>\n","protected":false},"author":12,"featured_media":83567,"comment_status":"open","ping_status":"open","sticky":false,"template":"","format":"standard","meta":{"footnotes":""},"categories":[15],"tags":[11],"class_list":["post-83563","post","type-post","status-publish","format-standard","has-post-thumbnail","hentry","category-nacionales","tag-mppee"],"_links":{"self":[{"href":"https:\/\/mppee.gob.ve\/index.php?rest_route=\/wp\/v2\/posts\/83563","targetHints":{"allow":["GET"]}}],"collection":[{"href":"https:\/\/mppee.gob.ve\/index.php?rest_route=\/wp\/v2\/posts"}],"about":[{"href":"https:\/\/mppee.gob.ve\/index.php?rest_route=\/wp\/v2\/types\/post"}],"author":[{"embeddable":true,"href":"https:\/\/mppee.gob.ve\/index.php?rest_route=\/wp\/v2\/users\/12"}],"replies":[{"embeddable":true,"href":"https:\/\/mppee.gob.ve\/index.php?rest_route=%2Fwp%2Fv2%2Fcomments&post=83563"}],"version-history":[{"count":1,"href":"https:\/\/mppee.gob.ve\/index.php?rest_route=\/wp\/v2\/posts\/83563\/revisions"}],"predecessor-version":[{"id":83572,"href":"https:\/\/mppee.gob.ve\/index.php?rest_route=\/wp\/v2\/posts\/83563\/revisions\/83572"}],"wp:featuredmedia":[{"embeddable":true,"href":"https:\/\/mppee.gob.ve\/index.php?rest_route=\/wp\/v2\/media\/83567"}],"wp:attachment":[{"href":"https:\/\/mppee.gob.ve\/index.php?rest_route=%2Fwp%2Fv2%2Fmedia&parent=83563"}],"wp:term":[{"taxonomy":"category","embeddable":true,"href":"https:\/\/mppee.gob.ve\/index.php?rest_route=%2Fwp%2Fv2%2Fcategories&post=83563"},{"taxonomy":"post_tag","embeddable":true,"href":"https:\/\/mppee.gob.ve\/index.php?rest_route=%2Fwp%2Fv2%2Ftags&post=83563"}],"curies":[{"name":"wp","href":"https:\/\/api.w.org\/{rel}","templated":true}]}}