{"id":83596,"date":"2021-03-16T12:22:00","date_gmt":"2021-03-16T12:22:00","guid":{"rendered":"http:\/\/10.200.87.50\/mppee\/?p=83596"},"modified":"2021-03-17T12:43:51","modified_gmt":"2021-03-17T12:43:51","slug":"revisan-planes-de-fortalecimiento-y-mantenimiento-de-los-servicios-publicos-en-el-pais","status":"publish","type":"post","link":"https:\/\/mppee.gob.ve\/?p=83596","title":{"rendered":"Revisan planes de fortalecimiento y mantenimiento de los servicios p\u00fablicos en el pa\u00eds"},"content":{"rendered":"<p style=\"text-align: justify\">\u00a0<img loading=\"lazy\" decoding=\"async\" class=\"size-medium wp-image-83604 alignleft\" src=\"http:\/\/10.200.87.50\/mppee\/wp-content\/uploads\/2021\/03\/WhatsApp-Image-2021-03-16-at-7.29.50-PM-300x200.jpeg\" alt=\"\" width=\"300\" height=\"200\" srcset=\"https:\/\/mppee.gob.ve\/wp-content\/uploads\/2021\/03\/WhatsApp-Image-2021-03-16-at-7.29.50-PM-300x200.jpeg 300w, https:\/\/mppee.gob.ve\/wp-content\/uploads\/2021\/03\/WhatsApp-Image-2021-03-16-at-7.29.50-PM-768x512.jpeg 768w, https:\/\/mppee.gob.ve\/wp-content\/uploads\/2021\/03\/WhatsApp-Image-2021-03-16-at-7.29.50-PM.jpeg 912w\" sizes=\"auto, (max-width: 300px) 100vw, 300px\" \/>Este martes, el vicepresidente sectorial de Obras P\u00fablicas y Servicios, G\/J N\u00e9stor Reverol, sostuvo un encuentro con los ministros y entes adscritos a ese despacho, para evaluar el desarrollo de las acciones del Plan 200 Carabobo, que ejecuta el Gobierno nacional, para combatir los ataques sistem\u00e1ticos contra los servicios p\u00fablicos, consecuencia del bloqueo criminal que tratan de imponer a Venezuela.<\/p>\n<p><strong><img loading=\"lazy\" decoding=\"async\" class=\"size-medium wp-image-83599 alignright\" src=\"http:\/\/10.200.87.50\/mppee\/wp-content\/uploads\/2021\/03\/WhatsApp-Image-2021-03-16-at-7.29.52-PM-300x200.jpeg\" alt=\"\" width=\"300\" height=\"200\" srcset=\"https:\/\/mppee.gob.ve\/wp-content\/uploads\/2021\/03\/WhatsApp-Image-2021-03-16-at-7.29.52-PM-300x200.jpeg 300w, https:\/\/mppee.gob.ve\/wp-content\/uploads\/2021\/03\/WhatsApp-Image-2021-03-16-at-7.29.52-PM-768x512.jpeg 768w, https:\/\/mppee.gob.ve\/wp-content\/uploads\/2021\/03\/WhatsApp-Image-2021-03-16-at-7.29.52-PM.jpeg 912w\" sizes=\"auto, (max-width: 300px) 100vw, 300px\" \/>\u00abHemos revisado los diferentes planes de fortalecimiento y mantenimiento de los Sistemas El\u00e9ctrico e H\u00eddrico Nacional, vialidad, distribuci\u00f3n de gas dom\u00e9stico y disposici\u00f3n de desechos s\u00f3lidos, para garantizar que sean atendidas las necesidades de las comunidades, tal como lo ha instruido nuestro Presidente, Nicol\u00e1s Maduro\u00bb<\/strong>, dijo el G\/J N\u00e9stor Reverol a trav\u00e9s de su cuenta en la red social Instagram.<\/p>\n<p style=\"text-align: justify\">El tambi\u00e9n titular del Ministerio del Poder Popular para la Energ\u00eda El\u00e9ctrica, destac\u00f3 que trabajan en la optimizaci\u00f3n de los servicios p\u00fablicos en Venezuela, con el compromiso de brindar respuestas oportunas al pueblo, a pesar de la pandemia mundial de la COVID-19.<\/p>\n<p style=\"text-align: justify\"><strong>Prensa MPPEE<\/strong><\/p>\n<p><img loading=\"lazy\" decoding=\"async\" class=\"aligncenter wp-image-83600 size-full\" src=\"http:\/\/10.200.87.50\/mppee\/wp-content\/uploads\/2021\/03\/WhatsApp-Image-2021-03-16-at-7.29.51-PM2.jpeg\" alt=\"\" width=\"912\" height=\"608\" srcset=\"https:\/\/mppee.gob.ve\/wp-content\/uploads\/2021\/03\/WhatsApp-Image-2021-03-16-at-7.29.51-PM2.jpeg 912w, https:\/\/mppee.gob.ve\/wp-content\/uploads\/2021\/03\/WhatsApp-Image-2021-03-16-at-7.29.51-PM2-300x200.jpeg 300w, https:\/\/mppee.gob.ve\/wp-content\/uploads\/2021\/03\/WhatsApp-Image-2021-03-16-at-7.29.51-PM2-768x512.jpeg 768w\" sizes=\"auto, (max-width: 912px) 100vw, 912px\" \/> <img loading=\"lazy\" decoding=\"async\" class=\"aligncenter wp-image-83601 size-full\" src=\"http:\/\/10.200.87.50\/mppee\/wp-content\/uploads\/2021\/03\/WhatsApp-Image-2021-03-16-at-7.29.51-PM1.jpeg\" alt=\"\" width=\"912\" height=\"608\" srcset=\"https:\/\/mppee.gob.ve\/wp-content\/uploads\/2021\/03\/WhatsApp-Image-2021-03-16-at-7.29.51-PM1.jpeg 912w, https:\/\/mppee.gob.ve\/wp-content\/uploads\/2021\/03\/WhatsApp-Image-2021-03-16-at-7.29.51-PM1-300x200.jpeg 300w, https:\/\/mppee.gob.ve\/wp-content\/uploads\/2021\/03\/WhatsApp-Image-2021-03-16-at-7.29.51-PM1-768x512.jpeg 768w\" sizes=\"auto, (max-width: 912px) 100vw, 912px\" \/> <img loading=\"lazy\" decoding=\"async\" class=\"aligncenter wp-image-83602 size-full\" src=\"http:\/\/10.200.87.50\/mppee\/wp-content\/uploads\/2021\/03\/WhatsApp-Image-2021-03-16-at-7.29.50-PM2.jpeg\" alt=\"\" width=\"912\" height=\"608\" srcset=\"https:\/\/mppee.gob.ve\/wp-content\/uploads\/2021\/03\/WhatsApp-Image-2021-03-16-at-7.29.50-PM2.jpeg 912w, https:\/\/mppee.gob.ve\/wp-content\/uploads\/2021\/03\/WhatsApp-Image-2021-03-16-at-7.29.50-PM2-300x200.jpeg 300w, https:\/\/mppee.gob.ve\/wp-content\/uploads\/2021\/03\/WhatsApp-Image-2021-03-16-at-7.29.50-PM2-768x512.jpeg 768w\" sizes=\"auto, (max-width: 912px) 100vw, 912px\" \/> <img loading=\"lazy\" decoding=\"async\" class=\"aligncenter wp-image-83603 size-full\" src=\"http:\/\/10.200.87.50\/mppee\/wp-content\/uploads\/2021\/03\/WhatsApp-Image-2021-03-16-at-7.29.50-PM1.jpeg\" alt=\"\" width=\"912\" height=\"608\" srcset=\"https:\/\/mppee.gob.ve\/wp-content\/uploads\/2021\/03\/WhatsApp-Image-2021-03-16-at-7.29.50-PM1.jpeg 912w, https:\/\/mppee.gob.ve\/wp-content\/uploads\/2021\/03\/WhatsApp-Image-2021-03-16-at-7.29.50-PM1-300x200.jpeg 300w, https:\/\/mppee.gob.ve\/wp-content\/uploads\/2021\/03\/WhatsApp-Image-2021-03-16-at-7.29.50-PM1-768x512.jpeg 768w\" sizes=\"auto, (max-width: 912px) 100vw, 912px\" \/> <img loading=\"lazy\" decoding=\"async\" class=\"aligncenter wp-image-83604 size-full\" src=\"http:\/\/10.200.87.50\/mppee\/wp-content\/uploads\/2021\/03\/WhatsApp-Image-2021-03-16-at-7.29.50-PM.jpeg\" alt=\"\" width=\"912\" height=\"608\" srcset=\"https:\/\/mppee.gob.ve\/wp-content\/uploads\/2021\/03\/WhatsApp-Image-2021-03-16-at-7.29.50-PM.jpeg 912w, https:\/\/mppee.gob.ve\/wp-content\/uploads\/2021\/03\/WhatsApp-Image-2021-03-16-at-7.29.50-PM-300x200.jpeg 300w, https:\/\/mppee.gob.ve\/wp-content\/uploads\/2021\/03\/WhatsApp-Image-2021-03-16-at-7.29.50-PM-768x512.jpeg 768w\" sizes=\"auto, (max-width: 912px) 100vw, 912px\" \/><\/p>\n","protected":false},"excerpt":{"rendered":"<p>\u00a0Este martes, el vicepresidente sectorial de Obras P\u00fablicas y Servicios, G\/J N\u00e9stor Reverol, sostuvo un encuentro con los ministros y<\/p>\n","protected":false},"author":12,"featured_media":83597,"comment_status":"open","ping_status":"open","sticky":false,"template":"","format":"standard","meta":{"footnotes":""},"categories":[15],"tags":[11,327],"class_list":["post-83596","post","type-post","status-publish","format-standard","has-post-thumbnail","hentry","category-nacionales","tag-mppee","tag-vsops"],"_links":{"self":[{"href":"https:\/\/mppee.gob.ve\/index.php?rest_route=\/wp\/v2\/posts\/83596","targetHints":{"allow":["GET"]}}],"collection":[{"href":"https:\/\/mppee.gob.ve\/index.php?rest_route=\/wp\/v2\/posts"}],"about":[{"href":"https:\/\/mppee.gob.ve\/index.php?rest_route=\/wp\/v2\/types\/post"}],"author":[{"embeddable":true,"href":"https:\/\/mppee.gob.ve\/index.php?rest_route=\/wp\/v2\/users\/12"}],"replies":[{"embeddable":true,"href":"https:\/\/mppee.gob.ve\/index.php?rest_route=%2Fwp%2Fv2%2Fcomments&post=83596"}],"version-history":[{"count":1,"href":"https:\/\/mppee.gob.ve\/index.php?rest_route=\/wp\/v2\/posts\/83596\/revisions"}],"predecessor-version":[{"id":83605,"href":"https:\/\/mppee.gob.ve\/index.php?rest_route=\/wp\/v2\/posts\/83596\/revisions\/83605"}],"wp:featuredmedia":[{"embeddable":true,"href":"https:\/\/mppee.gob.ve\/index.php?rest_route=\/wp\/v2\/media\/83597"}],"wp:attachment":[{"href":"https:\/\/mppee.gob.ve\/index.php?rest_route=%2Fwp%2Fv2%2Fmedia&parent=83596"}],"wp:term":[{"taxonomy":"category","embeddable":true,"href":"https:\/\/mppee.gob.ve\/index.php?rest_route=%2Fwp%2Fv2%2Fcategories&post=83596"},{"taxonomy":"post_tag","embeddable":true,"href":"https:\/\/mppee.gob.ve\/index.php?rest_route=%2Fwp%2Fv2%2Ftags&post=83596"}],"curies":[{"name":"wp","href":"https:\/\/api.w.org\/{rel}","templated":true}]}}